{"id":6540,"date":"2026-04-30T09:20:19","date_gmt":"2026-04-30T09:20:19","guid":{"rendered":"https:\/\/disenodepagina.com\/disenoweb\/el-bombo-de-todos-ebro-y-la-rfef-homenajean-a-manolo-el-del-bombo\/"},"modified":"2026-04-30T09:20:19","modified_gmt":"2026-04-30T09:20:19","slug":"el-bombo-de-todos-ebro-y-la-rfef-homenajean-a-manolo-el-del-bombo","status":"publish","type":"post","link":"https:\/\/disenodepagina.com\/disenoweb\/el-bombo-de-todos-ebro-y-la-rfef-homenajean-a-manolo-el-del-bombo\/","title":{"rendered":"\u00abEl Bombo de Todos\u00bb: EBRO y la RFEF homenajean a Manolo el del bombo"},"content":{"rendered":"<p> \n<\/p>\n<div>\n<p>La marca automovil\u00edstica <a href=\"https:\/\/www.marketingdirecto.com\/creacion\/campanas-de-marketing\/ebro-fabrica-volvamos-bailar\" target=\"_blank\" rel=\"noreferrer noopener\"><strong>EBRO<\/strong><\/a>, en colaboraci\u00f3n con la Real Federaci\u00f3n Espa\u00f1ola de F\u00fatbol, ha lanzado una campa\u00f1a que <strong>rinde homenaje a una de las figuras m\u00e1s ic\u00f3nicas del f\u00fatbol espa\u00f1ol: Manolo el del bombo.<\/strong> Bajo el nombre <strong>\u00abEl Bombo de Todos\u00bb,<\/strong> la iniciativa se centra en una estatua interactiva que busca movilizar a millones de aficionados y trasladar su apoyo a la Selecci\u00f3n Espa\u00f1ola de cara al pr\u00f3ximo <a href=\"https:\/\/www.marketingdirecto.com\/anunciantes-general\/publicaciones\/anotando-grande-guia-marketing-definitiva-mayor-evento-futbol\" target=\"_blank\" rel=\"noreferrer noopener\">Mundial<\/a>.<\/p>\n<p>La acci\u00f3n <strong>arranc\u00f3 el pasado 21 de abril<\/strong> en pleno centro de Madrid, donde se instal\u00f3 una escultura del hist\u00f3rico aficionado con un bombo real que puede ser tocado por el p\u00fablico. El objetivo es <strong>\u00abrecargar\u00bb este instrumento con la energ\u00eda de los 50 millones de espa\u00f1oles<\/strong> para acompa\u00f1ar al equipo nacional en su recorrido mundialista por Estados Unidos, M\u00e9xico y Canad\u00e1.<\/p>\n<p><strong>La elecci\u00f3n de Manolo como eje central\u00a0no es casualidad.<\/strong> Su presencia constante en los estadios <strong>logr\u00f3 unir a generaciones de aficionados<\/strong> <strong>para apoyar a La Roja <\/strong>desde 1982. En paralelo, EBRO reivindica su propia trayectoria con m\u00e1s de 70 a\u00f1os conectando el pa\u00eds\u00a0de punta a punta, con veh\u00edculos tan avanzados como accesibles.<\/p>\n<figure class=\"wp-block-embed is-type-video is-provider-youtube wp-block-embed-youtube wp-embed-aspect-16-9 wp-has-aspect-ratio\">\n<div class=\"wp-block-embed__wrapper\"><noscript><iframe loading=\"lazy\" title=\"El Bombo de Todos X EBRO &amp; La Selecci\u00f3n Espa\u00f1ola de F\u00fatbol.\" width=\"1020\" height=\"574\" src=\"https:\/\/www.youtube.com\/embed\/LgHEqZ-1FuQ?feature=oembed\" frameborder=\"0\" allow=\"accelerometer; autoplay; clipboard-write; encrypted-media; gyroscope; picture-in-picture; web-share\" referrerpolicy=\"strict-origin-when-cross-origin\" allowfullscreen><\/iframe><\/noscript><\/div>\n<\/figure>\n<h3 class=\"wp-block-heading\">EBRO y Manolo el del bombo llegan al Mundial<\/h3>\n<p>La escultura\u00a0de Manolo, que le retrata a la perfecci\u00f3n con su caracter\u00edstica txapela y el dorsal 12, inicia ahora <strong>una ruta participativa con varias paradas que decidir\u00e1n los aficionados en las redes sociales de EBRO.<\/strong> La siguiente cita tendr\u00e1 lugar el pr\u00f3ximo viernes 15 de mayo en el Mercado de Col\u00f3n de Valencia, ciudad natal del homenajeado. La primera parada fue la Plaza de Col\u00f3n de Madrid, lugar donde la Selecci\u00f3n celebra sus t\u00edtulos, y <strong>la \u00faltima ser\u00e1 en Am\u00e9rica junto a los jugadores.\u00a0<\/strong><\/p>\n<p>Como parte de la campa\u00f1a, Forasters Studio ha desarrollado una pieza audiovisual producida por Kiwi Film. En ella, <strong>Lamine Yamal, Marc Cucurella, Ferran Torres, Mart\u00edn Zubimendi y Borja Iglesias \u00abtoman prestado\u00bb un veh\u00edculo EBRO<\/strong> del seleccionador Luis de la Fuente, para acercar la estatua de Manolo a los aficionados y contribuir a recargar El Bombo de Todos.\u00a0<\/p>\n<p>A trav\u00e9s de esta iniciativa, EBRO no s\u00f3lo consolida su v\u00ednculo con el p\u00fablico espa\u00f1ol, sino que tambi\u00e9n transforma la figura de Manolo en un s\u00edmbolo colectivo, recordando que<strong> la verdadera fuerza de la Selecci\u00f3n siempre ha estado en la gente.\u00a0<\/strong><\/p>\n<p>Si no visualiza correctamente el v\u00eddeo embedded, haga clic <a href=\"https:\/\/www.youtube.com\/watch?v=LgHEqZ-1FuQ\" target=\"_blank\" rel=\"noreferrer noopener nofollow\">aqu\u00ed<\/a>.<\/p>\n<h3 class=\"wp-block-heading\">Ficha t\u00e9cnica<\/h3>\n<ul class=\"wp-block-list\">\n<li>Anunciante: EBRO Auto<\/li>\n<li>Campa\u00f1a: El bombo de Todos<\/li>\n<li>Agencia Creativa: Forasters Studio<\/li>\n<li>Productora: Kiwi Films<\/li>\n<li>Agencia de Medios: Spark Foundry<\/li>\n<\/ul>\n<p><strong>Equipo EBRO<\/strong><\/p>\n<ul class=\"wp-block-list\">\n<li>Brand Manager: Cristina De Blasio<\/li>\n<li>Sponsorship &amp; Brand Activation: Mariona Banqu\u00e9 Aguado<\/li>\n<li>Digital Marketing Specialist: V\u00edctor Huguet Ca\u00f1amero<\/li>\n<li>Events and retail marketing: Isabella Senten\u00e1 Montero<\/li>\n<li>Advertising Junior: Florencia Armas<\/li>\n<\/ul>\n<p><strong>Equipo Forasters Studio<\/strong><\/p>\n<ul class=\"wp-block-list\">\n<li>DCE: Alex Delgado &amp; Alex Marull<\/li>\n<li>Director Creativo: Francisco Casserly &amp; Paco Castillo<\/li>\n<li>Head of art: Ferran Le\u00f3n<\/li>\n<li>Art Director: Ricky Cusati<\/li>\n<li>Copywriter: Luis Sim\u00f3n &amp; \u00c1lvaro Mart\u00ednez de Muniain<\/li>\n<li>Designer: Alessandra Carta<\/li>\n<li>Director de estrat\u00e9gia: Jan Pujol<\/li>\n<li>Directora de cuentas: Sonia Unsain<\/li>\n<li>Account Manager: Sandra Gonz\u00e1lez Ruiz<\/li>\n<\/ul>\n<p><strong>Equipo Kiwi Films<\/strong><\/p>\n<ul class=\"wp-block-list\">\n<li>Director: Dani Kaneda<\/li>\n<li>DoP: Rub\u00e9n Yanes<\/li>\n<li>Managing Directors: Marce Molero \/ Sergio Mart\u00ednez<\/li>\n<li>Productor ejecutivo: Marce Molero<\/li>\n<li>1st AD: Diego Nu\u00f1ez<\/li>\n<li>Producer: Sergio Mart\u00ednez<\/li>\n<li>Production Manager: Emma Pati\u00f1o<\/li>\n<li>Location Manager: Javi Cano<\/li>\n<li>Car Shot: Rafa de Juan<\/li>\n<li>Sound Technician: Martin Gamarra<\/li>\n<li>Gaffer: Francisco Goma<\/li>\n<li>Prod Designer: Ana Corella<\/li>\n<li>Stylist: Charo Ferrer<\/li>\n<li>MUAH: Eva Sesma<\/li>\n<li>Editor: Jaime Aguirre<\/li>\n<li>M\u00fasica: Jorge Al\u00eda Olag\u00fce<\/li>\n<li>Postproducci\u00f3n Sonido: La Panaderia<\/li>\n<li>Post Production: La Zapatilla Roja<\/li>\n<li>Colorist: Fran Condor<\/li>\n<li>VFX Compositor: Oscar Garc\u00e9s \/ Carlos Goded<\/li>\n<li>Director Post producci\u00f3n: Juan de Los Rios<\/li>\n<\/ul>\n<\/div>\n\n<br \/><a href=\"https:\/\/www.marketingdirecto.com\/creacion\/campanas-de-marketing\/ebro-rfef-homenajean-manolo-bombo-seleccion-espanola-mundial\" target=\"_blank\" rel=\"noopener\">Source link <\/a><\/p>\n","protected":false},"excerpt":{"rendered":"<p>La marca automovil\u00edstica EBRO, en colaboraci\u00f3n con la Real Federaci\u00f3n Espa\u00f1ola de F\u00fatbol, ha lanzado una campa\u00f1a que rinde homenaje a una de las figuras m\u00e1s ic\u00f3nicas del f\u00fatbol espa\u00f1ol: Manolo el del bombo. Bajo el nombre \u00abEl Bombo de Todos\u00bb, la iniciativa se centra en una estatua interactiva que busca movilizar a millones de [&#8230;]\n","protected":false},"author":1,"featured_media":6542,"comment_status":"open","ping_status":"closed","sticky":false,"template":"","format":"standard","meta":{"footnotes":""},"categories":[8],"tags":[243,356,1287,12,285,90,75],"class_list":["post-6540","post","type-post","status-publish","format-standard","has-post-thumbnail","hentry","category-diseno-web","tag-agencia-de-diseno-web","tag-agencia-de-redes-sociales","tag-agencia-seo","tag-diseno-web","tag-manejo-de-redes-sociales","tag-posicionamiento-web","tag-seo"],"_links":{"self":[{"href":"https:\/\/disenodepagina.com\/disenoweb\/wp-json\/wp\/v2\/posts\/6540","targetHints":{"allow":["GET"]}}],"collection":[{"href":"https:\/\/disenodepagina.com\/disenoweb\/wp-json\/wp\/v2\/posts"}],"about":[{"href":"https:\/\/disenodepagina.com\/disenoweb\/wp-json\/wp\/v2\/types\/post"}],"author":[{"embeddable":true,"href":"https:\/\/disenodepagina.com\/disenoweb\/wp-json\/wp\/v2\/users\/1"}],"replies":[{"embeddable":true,"href":"https:\/\/disenodepagina.com\/disenoweb\/wp-json\/wp\/v2\/comments?post=6540"}],"version-history":[{"count":0,"href":"https:\/\/disenodepagina.com\/disenoweb\/wp-json\/wp\/v2\/posts\/6540\/revisions"}],"wp:featuredmedia":[{"embeddable":true,"href":"https:\/\/disenodepagina.com\/disenoweb\/wp-json\/wp\/v2\/media\/6542"}],"wp:attachment":[{"href":"https:\/\/disenodepagina.com\/disenoweb\/wp-json\/wp\/v2\/media?parent=6540"}],"wp:term":[{"taxonomy":"category","embeddable":true,"href":"https:\/\/disenodepagina.com\/disenoweb\/wp-json\/wp\/v2\/categories?post=6540"},{"taxonomy":"post_tag","embeddable":true,"href":"https:\/\/disenodepagina.com\/disenoweb\/wp-json\/wp\/v2\/tags?post=6540"}],"curies":[{"name":"wp","href":"https:\/\/api.w.org\/{rel}","templated":true}]}}