{"id":6538,"date":"2026-04-29T09:03:55","date_gmt":"2026-04-29T09:03:55","guid":{"rendered":"https:\/\/disenodepagina.com\/disenoweb\/wpp-echa-el-guante-a-la-cuenta-global-de-creatividad-de-henkel\/"},"modified":"2026-04-29T09:03:55","modified_gmt":"2026-04-29T09:03:55","slug":"wpp-echa-el-guante-a-la-cuenta-global-de-creatividad-de-henkel","status":"publish","type":"post","link":"https:\/\/disenodepagina.com\/disenoweb\/wpp-echa-el-guante-a-la-cuenta-global-de-creatividad-de-henkel\/","title":{"rendered":"WPP echa el guante a la cuenta global de creatividad de Henkel"},"content":{"rendered":"<p> \n<\/p>\n<div>\n<p>El \u00abmegapitch\u00bb en el que estaba en liza la cuenta global de creatividad de Henkel <a href=\"https:\/\/www.marketingdirecto.com\/anunciantes-general\/cmo-global-henkel-deja-compania-salida-deja-aire-pitch\" type=\"link\" id=\"https:\/\/www.marketingdirecto.com\/anunciantes-general\/cmo-global-henkel-deja-compania-salida-deja-aire-pitch\" target=\"_blank\" rel=\"noreferrer noopener\">fue puesto en suspenso durante el verano del a\u00f1o pasado<\/a> tras la salida de Nuria Ribe, CMO de la multinacional alemana. Ese concurso fue retomado, no obstante, <a href=\"https:\/\/www.marketingdirecto.com\/anunciantes-general\/henkel-reanuda-pitch-global-puso-suspenso-verano\" type=\"link\" id=\"https:\/\/www.marketingdirecto.com\/anunciantes-general\/henkel-reanuda-pitch-global-puso-suspenso-verano\" target=\"_blank\" rel=\"noreferrer noopener\">a principios de este a\u00f1o<\/a> y el ganador ha sido ya proclamado. <strong>WPP ha logrado finalmente imponerse en ese \u00abpitch\u00bb y arrebatar la cuenta a la agencia TBWA, subsidiaria de Omnicom.<\/strong><\/p>\n<p><strong>La decisi\u00f3n de Henkel supone un severo golpe para <a href=\"https:\/\/www.marketingdirecto.com\/temas\/tbwa\" type=\"link\" id=\"https:\/\/www.marketingdirecto.com\/temas\/tbwa\" target=\"_blank\" rel=\"noreferrer noopener\">TBWA<\/a>. <\/strong>La cuenta global de creatividad de Henkel es, al fin y al cabo, extraordinariamente atractiva. S\u00f3lo en su Alemania natal la matriz de marcas como Scharzkopf, Fa, La Toja, Dixan o Neutrex invirti\u00f3 el a\u00f1o pasado 530 millones de euros en publicidad.<\/p>\n<p>Aunque no hay a\u00fan confirmaci\u00f3n oficial a este respecto, <strong>Henkel ha decidido cortar amarras con TBWA para confiar su cuenta global de creatividad a WPP<\/strong>, seg\u00fan informa <em><a href=\"https:\/\/www.horizont.net\/agenturen\/nachrichten\/tbwa-ist-raus-der-mega-pitch-um-henkel-ist-entschieden-234169\" type=\"link\" id=\"https:\/\/www.horizont.net\/agenturen\/nachrichten\/tbwa-ist-raus-der-mega-pitch-um-henkel-ist-entschieden-234169\" target=\"_blank\" rel=\"noreferrer noopener nofollow\">Horizont<\/a><\/em>.<\/p>\n<p>El \u00abholding\u00bb brit\u00e1nico, que habr\u00eda tomado parte en el concurso representado por la agencia Grey, <strong>habr\u00eda logrado vencer a Omnicom en la recta final del \u00abpitch\u00bb.<\/strong><\/p>\n<h2 class=\"wp-block-heading\"><strong>WPP atrap\u00f3 hace s\u00f3lo unos meses la cuenta de medios de Henkel en Europa<\/strong><\/h2>\n<p><strong>Para WPP la victoria en este concurso se antoja important\u00edsima <\/strong>en un momento en que el grupo trata de <a href=\"https:\/\/www.marketingdirecto.com\/marketing-general\/agencias\/wpp-presenta-resultados-ultimo-trimestre-confia-remontar-vuelo\" type=\"link\" id=\"https:\/\/www.marketingdirecto.com\/marketing-general\/agencias\/wpp-presenta-resultados-ultimo-trimestre-confia-remontar-vuelo\" target=\"_blank\" rel=\"noreferrer noopener\">dejar atr\u00e1s los malos resultados de los \u00faltimos meses para retomar la senda del crecimiento<\/a>. La cuenta de Henkel incluye, al fin y al cabo, un amplio paquete de tareas creativas y emparentadas con la producci\u00f3n y los canales digitales de la divisi\u00f3n <strong>Consumer Brands<\/strong> de la compa\u00f1\u00eda de origen teut\u00f3n. Esta divisi\u00f3n agrupa las marcas de limpieza, hogar y belleza de Henkel y a \u00e9l est\u00e1n adscritas marcas extraordinariamente conocidas como Somat, Micolor, Perlan o Syoss.<\/p>\n<p>En la industria publicitaria no hay sido del todo una sorpresa que WPP haya logrado hacer prevalecer su oferta en el \u00abpitch\u00bb. <strong>El \u00abholding\u00bb brit\u00e1nico atrap\u00f3, no en vano, la cuenta europea de medios de Henkel a finales de 2025<\/strong> despu\u00e9s de fraguar colaboraciones con el anunciante en diferentes mercados del viejo continente. Agrupando su cuenta de creatividad y medios bajo el paraguas de un \u00fanico grupo, Henkel se beneficiar\u00e1 probablemente de las sinergias emanadas del nuevo acuerdo.<\/p>\n<p>No obstante, para la oficina de TBWA en D\u00fcsseldorf la p\u00e9rdida de la cuenta creativa de Henkel constituye un severo golpe, pues la multinacional germana era, de hecho, su cliente m\u00e1s importante hasta la fecha.<\/p>\n<\/div>\n\n<br \/><a href=\"https:\/\/www.marketingdirecto.com\/marketing-general\/agencias\/wpp-echa-guante-cuenta-global-creatividad-henkel\" target=\"_blank\" rel=\"noopener\">Source link <\/a><\/p>\n","protected":false},"excerpt":{"rendered":"<p>El \u00abmegapitch\u00bb en el que estaba en liza la cuenta global de creatividad de Henkel fue puesto en suspenso durante el verano del a\u00f1o pasado tras la salida de Nuria Ribe, CMO de la multinacional alemana. Ese concurso fue retomado, no obstante, a principios de este a\u00f1o y el ganador ha sido ya proclamado. WPP [&#8230;]\n","protected":false},"author":1,"featured_media":6539,"comment_status":"open","ping_status":"closed","sticky":false,"template":"","format":"standard","meta":{"footnotes":""},"categories":[8],"tags":[243,356,1287,12,285,90,75],"class_list":["post-6538","post","type-post","status-publish","format-standard","has-post-thumbnail","hentry","category-diseno-web","tag-agencia-de-diseno-web","tag-agencia-de-redes-sociales","tag-agencia-seo","tag-diseno-web","tag-manejo-de-redes-sociales","tag-posicionamiento-web","tag-seo"],"_links":{"self":[{"href":"https:\/\/disenodepagina.com\/disenoweb\/wp-json\/wp\/v2\/posts\/6538","targetHints":{"allow":["GET"]}}],"collection":[{"href":"https:\/\/disenodepagina.com\/disenoweb\/wp-json\/wp\/v2\/posts"}],"about":[{"href":"https:\/\/disenodepagina.com\/disenoweb\/wp-json\/wp\/v2\/types\/post"}],"author":[{"embeddable":true,"href":"https:\/\/disenodepagina.com\/disenoweb\/wp-json\/wp\/v2\/users\/1"}],"replies":[{"embeddable":true,"href":"https:\/\/disenodepagina.com\/disenoweb\/wp-json\/wp\/v2\/comments?post=6538"}],"version-history":[{"count":0,"href":"https:\/\/disenodepagina.com\/disenoweb\/wp-json\/wp\/v2\/posts\/6538\/revisions"}],"wp:featuredmedia":[{"embeddable":true,"href":"https:\/\/disenodepagina.com\/disenoweb\/wp-json\/wp\/v2\/media\/6539"}],"wp:attachment":[{"href":"https:\/\/disenodepagina.com\/disenoweb\/wp-json\/wp\/v2\/media?parent=6538"}],"wp:term":[{"taxonomy":"category","embeddable":true,"href":"https:\/\/disenodepagina.com\/disenoweb\/wp-json\/wp\/v2\/categories?post=6538"},{"taxonomy":"post_tag","embeddable":true,"href":"https:\/\/disenodepagina.com\/disenoweb\/wp-json\/wp\/v2\/tags?post=6538"}],"curies":[{"name":"wp","href":"https:\/\/api.w.org\/{rel}","templated":true}]}}