{"id":6532,"date":"2026-04-27T09:02:30","date_gmt":"2026-04-27T09:02:30","guid":{"rendered":"https:\/\/disenodepagina.com\/disenoweb\/noches-de-guardia-quita-la-capa-al-sector-sanitario\/"},"modified":"2026-04-27T09:02:30","modified_gmt":"2026-04-27T09:02:30","slug":"noches-de-guardia-quita-la-capa-al-sector-sanitario","status":"publish","type":"post","link":"https:\/\/disenodepagina.com\/disenoweb\/noches-de-guardia-quita-la-capa-al-sector-sanitario\/","title":{"rendered":"Noches de Guardia quita la capa al sector sanitario"},"content":{"rendered":"<p> \n<\/p>\n<div>\n<p class=\"bk-post-data__author\"><strong>ESCRITO POR<\/strong><a href=\"https:\/\/www.marketingdirecto.com\/autor\/redaccion\" class=\"author-link\" target=\"_blank\" rel=\"noopener\">Redacci\u00f3n<\/a><\/p>\n<p class=\"bk-post-data__date\"><strong>FECHA PUBLICACI\u00d3N<\/strong><time datetime=\"2026-04-27T10:06:15+02:00\">27 Abr 2026 \u2013 10:06<\/time><\/p>\n<\/div>\n<div>\n<p>En un contexto en el que muchas marcas buscan conectar con sus audiencias a trav\u00e9s de historias reales, <a href=\"https:\/\/www.inesalud.com\/\" target=\"_blank\" rel=\"noopener\">INESALUD<\/a> impulsa <a href=\"https:\/\/www.youtube.com\/@inesalud\/podcasts\" target=\"_blank\" rel=\"noopener\"><em>Noches de Guardia<\/em><\/a>, un proyecto de branded content que se aleja del discurso promocional cl\u00e1sico para <strong>acercarse a una realidad mucho m\u00e1s compleja y humana<\/strong>: la del sector sanitario contado por quienes lo viven desde dentro.<\/p>\n<h2 class=\"wp-block-heading\">Mostrar a los sanitarios como lo que son como objetivo principal<\/h2>\n<p>El proyecto parte de una idea clara: <strong>hablar de la sanidad sin filtros, sin convertir a sus profesionales en personajes planos ni en h\u00e9roes de cart\u00f3n, y sin reducir su trabajo a una sucesi\u00f3n de t\u00e9cnicas, protocolos o mensajes corporativos<\/strong>. La apuesta consiste en quitarle la capa al relato habitual para mostrar a los sanitarios como lo que son al mismo tiempo: profesionales altamente preparados y personas atravesadas por decisiones dif\u00edciles, silencios, l\u00edmites, dudas, responsabilidad y humanidad. Esa es precisamente la l\u00f3gica con la que nace el p\u00f3dcast: un branded content honesto sobre la profesi\u00f3n sanitaria, <strong>centrado en visibilizar su d\u00eda a d\u00eda, sus buenas pr\u00e1cticas y sus retos reales.<\/strong><\/p>\n<p>Lejos de un enfoque publicitario al uso, <em>Noches de Guardia<\/em> se construye como un <strong>espacio de conversaci\u00f3n \u00edntima y emotiva<\/strong> que busca dar voz a las inquietudes, aspiraciones y desaf\u00edos de quienes trabajan en el \u00e1mbito asistencial, posicionando a la marca cerca de esas experiencias y no por encima de ellas. La propia concepci\u00f3n del formato refuerza esa intenci\u00f3n: una puesta en escena c\u00e1lida, cercana y reconocible, <strong>inspirada en el \u00ab<em>office<\/em>\u201d o la cafeter\u00eda de un turno de noche en un hospital<\/strong>, para generar una atm\u00f3sfera m\u00e1s pr\u00f3xima a la confesi\u00f3n que a la entrevista promocional.<\/p>\n<p>El nuevo episodio del proyecto ejemplifica bien esa estrategia. La conversaci\u00f3n con un <strong>enfermero de pacientes cr\u00edticos<\/strong> no se plantea como una exhibici\u00f3n de heroicidad ni como una pieza t\u00e9cnica sobre urgencias. Lo que hace es abrir una ventana a todo lo que rara vez entra en la narrativa de marca tradicional: la vulnerabilidad del paciente, la responsabilidad de cada decisi\u00f3n, la verdad inc\u00f3moda que a veces hay que comunicar y la carga humana que acompa\u00f1a a una profesi\u00f3n que suele contarse desde fuera, pero pocas veces desde dentro.<\/p>\n<h2 class=\"wp-block-heading\">\u00abEstoy muy solo\u00bb<\/h2>\n<p>En uno de los momentos m\u00e1s contundentes del episodio, el invitado recuerda c\u00f3mo un paciente mayor, durante un traslado, rompi\u00f3 el silencio con una frase devastadora: <strong>\u00abEstoy muy solo<\/strong><em>\u00ab.<\/em> Ese instante resume bien el tipo de contenido que busca construir <em>Noches de Guardia<\/em>: uno que <strong>no solo informa o entretiene, sino que revela lo que normalmente queda fuera del encuadre<\/strong>. No se trata \u00fanicamente de mostrar un procedimiento o una escena sanitaria, sino de poner en primer plano la dimensi\u00f3n humana que atraviesa a pacientes y profesionales.<\/p>\n<p>Desde el punto de vista de marca, la propuesta responde a una l\u00f3gica cada vez m\u00e1s relevante en comunicaci\u00f3n: generar contenido con territorio propio, capaz de conectar con una comunidad concreta desde la autenticidad, la escucha y la profundidad narrativa. En lugar de hablar de la sanidad desde un lugar institucional, <strong>el proyecto elige acompa\u00f1ar al sector desde dentro<\/strong>, entendiendo que la mejor forma de construir afinidad no siempre pasa por explicar qu\u00e9 hace una marca, sino por demostrar qu\u00e9 realidad es capaz de comprender y contar.<\/p>\n<p>La estrategia tambi\u00e9n responde a una transformaci\u00f3n m\u00e1s amplia del branded content: el paso de los mensajes de notoriedad m\u00e1s evidentes a <strong>formatos editoriales que buscan ser \u00fatiles, memorables y emocionalmente verdaderos<\/strong>. En ese sentido, <em>Noches de Guardia<\/em> no se plantea solo como un p\u00f3dcast, sino como un universo de contenido capaz de amplificar conversaciones relevantes para el sector salud a trav\u00e9s de distintos formatos y canales.<\/p>\n<p>Con este proyecto, INESALUD explora una forma de contenido de marca que no intenta revestir la realidad, sino comprenderla y narrarla con m\u00e1s matices. Una propuesta que conecta branded content, sensibilidad editorial y conocimiento sectorial para <strong>mostrar que, detr\u00e1s del uniforme, la guardia o el protocolo, hay personas y profesionales que merecen ser escuchados de otra manera.<\/strong><\/p>\n<p><strong>El episodio ya est\u00e1 disponible <\/strong><a href=\"https:\/\/youtu.be\/xpuPcTPhjCM?si=lkS6GQTrRnL9XmQo\" target=\"_blank\" rel=\"noopener\"><strong>aqu\u00ed<\/strong><\/a><strong>.\u00a0<\/strong><\/p>\n<figure class=\"wp-block-embed is-type-video is-provider-youtube wp-block-embed-youtube wp-embed-aspect-16-9 wp-has-aspect-ratio\">\n<div class=\"wp-block-embed__wrapper\"><noscript><iframe loading=\"lazy\" title=\"ESTO puede MATAR a un paciente\" width=\"1020\" height=\"574\" src=\"https:\/\/www.youtube.com\/embed\/xpuPcTPhjCM?feature=oembed\" frameborder=\"0\" allow=\"accelerometer; autoplay; clipboard-write; encrypted-media; gyroscope; picture-in-picture; web-share\" referrerpolicy=\"strict-origin-when-cross-origin\" allowfullscreen><\/iframe><\/noscript><\/div>\n<\/figure>\n<\/div>\n\n<br \/><a href=\"https:\/\/www.marketingdirecto.com\/marketing-general\/noches-guardia-branded-content-quita-capa-sector-sanitario-mostrar-profesionales-verdad\" target=\"_blank\" rel=\"noopener\">Source link <\/a><\/p>\n","protected":false},"excerpt":{"rendered":"<p>ESCRITO PORRedacci\u00f3n FECHA PUBLICACI\u00d3N27 Abr 2026 \u2013 10:06 En un contexto en el que muchas marcas buscan conectar con sus audiencias a trav\u00e9s de historias reales, INESALUD impulsa Noches de Guardia, un proyecto de branded content que se aleja del discurso promocional cl\u00e1sico para acercarse a una realidad mucho m\u00e1s compleja y humana: la del [&#8230;]\n","protected":false},"author":1,"featured_media":6534,"comment_status":"open","ping_status":"closed","sticky":false,"template":"","format":"standard","meta":{"footnotes":""},"categories":[8],"tags":[243,356,1287,12,285,90,75],"class_list":["post-6532","post","type-post","status-publish","format-standard","has-post-thumbnail","hentry","category-diseno-web","tag-agencia-de-diseno-web","tag-agencia-de-redes-sociales","tag-agencia-seo","tag-diseno-web","tag-manejo-de-redes-sociales","tag-posicionamiento-web","tag-seo"],"_links":{"self":[{"href":"https:\/\/disenodepagina.com\/disenoweb\/wp-json\/wp\/v2\/posts\/6532","targetHints":{"allow":["GET"]}}],"collection":[{"href":"https:\/\/disenodepagina.com\/disenoweb\/wp-json\/wp\/v2\/posts"}],"about":[{"href":"https:\/\/disenodepagina.com\/disenoweb\/wp-json\/wp\/v2\/types\/post"}],"author":[{"embeddable":true,"href":"https:\/\/disenodepagina.com\/disenoweb\/wp-json\/wp\/v2\/users\/1"}],"replies":[{"embeddable":true,"href":"https:\/\/disenodepagina.com\/disenoweb\/wp-json\/wp\/v2\/comments?post=6532"}],"version-history":[{"count":0,"href":"https:\/\/disenodepagina.com\/disenoweb\/wp-json\/wp\/v2\/posts\/6532\/revisions"}],"wp:featuredmedia":[{"embeddable":true,"href":"https:\/\/disenodepagina.com\/disenoweb\/wp-json\/wp\/v2\/media\/6534"}],"wp:attachment":[{"href":"https:\/\/disenodepagina.com\/disenoweb\/wp-json\/wp\/v2\/media?parent=6532"}],"wp:term":[{"taxonomy":"category","embeddable":true,"href":"https:\/\/disenodepagina.com\/disenoweb\/wp-json\/wp\/v2\/categories?post=6532"},{"taxonomy":"post_tag","embeddable":true,"href":"https:\/\/disenodepagina.com\/disenoweb\/wp-json\/wp\/v2\/tags?post=6532"}],"curies":[{"name":"wp","href":"https:\/\/api.w.org\/{rel}","templated":true}]}}