{"id":6526,"date":"2026-04-24T08:59:21","date_gmt":"2026-04-24T08:59:21","guid":{"rendered":"https:\/\/disenodepagina.com\/disenoweb\/meta-descabeza-al-10-de-su-plantilla\/"},"modified":"2026-04-24T08:59:21","modified_gmt":"2026-04-24T08:59:21","slug":"meta-descabeza-al-10-de-su-plantilla","status":"publish","type":"post","link":"https:\/\/disenodepagina.com\/disenoweb\/meta-descabeza-al-10-de-su-plantilla\/","title":{"rendered":"Meta descabeza al 10% de su plantilla"},"content":{"rendered":"<p> \n<\/p>\n<div>\n<p><strong><a href=\"https:\/\/www.marketingdirecto.com\/temas\/meta\" type=\"link\" id=\"https:\/\/www.marketingdirecto.com\/temas\/meta\" target=\"_blank\" rel=\"noreferrer noopener\">Meta<\/a> comunic\u00f3 este jueves a sus empleados que a partir del pr\u00f3ximo 20 de mayo de mayor despedir\u00eda a aproximadamente el 10% de su plantilla<\/strong>. Los recortes afectar\u00e1n a alrededor de 8.000 de los 78.000 empleados que la multinacional estadounidense tiene actualmente en n\u00f3mina.<\/p>\n<p>La compa\u00f1\u00eda ha dado igualmente cuenta de su intenci\u00f3n de <strong>cerrar las m\u00e1s de 6.000 vacantes que pretend\u00eda inicialmente ocupar<\/strong>, de acuerdo con un memorando interno que Janelle Gale, Chief People Officer de Meta, remiti\u00f3 ayer a la plantilla.<\/p>\n<p>En este memorando, que ha terminado siendo filtrado por algunos medios de comunicaci\u00f3n, Gale atribuye los recortes a los esfuerzos continuados de Meta para <strong>\u00abdirigir la compa\u00f1\u00eda de manera m\u00e1s eficiente y compensar otras inversiones\u00bb<\/strong>.<\/p>\n<p>Gale no especifica en el documento a qu\u00e9 se refiere exactamente con \u00abotras inversiones\u00bb, pero es en todo caso <em>vox populi <\/em>que<strong> la matriz de Facebook e Instagram est\u00e1 invirtiendo actualmente a manos llenas en la <a href=\"https:\/\/www.marketingdirecto.com\/temas\/inteligencia-artificial\" type=\"link\" id=\"https:\/\/www.marketingdirecto.com\/temas\/inteligencia-artificial\" target=\"_blank\" rel=\"noreferrer noopener\">IA<\/a>.<\/strong><\/p>\n<p>A principios de este a\u00f1o la compa\u00f1\u00eda anunci\u00f3, no en vano, que invertir\u00eda hasta 135.000 millones de d\u00f3lares en iniciativas con el foco puesto en la IA.<\/p>\n<p>En los \u00faltimos d\u00edas ha emergido adem\u00e1s a la superficie la noticia de que Meta <a href=\"https:\/\/www.marketingdirecto.com\/digital-general\/digital\/meta-infiltra-ordenadores-empleados-entrenar-ia\" type=\"link\" id=\"https:\/\/www.marketingdirecto.com\/digital-general\/digital\/meta-infiltra-ordenadores-empleados-entrenar-ia\" target=\"_blank\" rel=\"noreferrer noopener\">comenzar\u00eda a rastrear los movimientos de rat\u00f3n y las pulsaciones de teclado de sus empleados en los ordenadores de la compa\u00f1\u00eda<\/a> a fin de compilar datos para entrenar modelos de IA. Y la semana pasada <em>Financial Times<\/em> anunciaba asimismo que Meta estaba trabajando en el desarrollo de <a href=\"https:\/\/www.marketingdirecto.com\/digital-general\/social-media-marketing\/meta-trabaja-clon-mark-zuckerberg-ia-conversara-plantilla\" type=\"link\" id=\"https:\/\/www.marketingdirecto.com\/digital-general\/social-media-marketing\/meta-trabaja-clon-mark-zuckerberg-ia-conversara-plantilla\" target=\"_blank\" rel=\"noreferrer noopener\">un clon de Mark Zuckerberg con IA<\/a>.<\/p>\n<h2 class=\"wp-block-heading\"><strong>La IA es una prioridad para Meta, que est\u00e1 invirtiendo a manos llenas en esta tecnolog\u00eda<\/strong><\/h2>\n<p>Meta ha confirmado la informaciones relativas a sus \u00faltimos recortes de personal, <strong>una medida que entronca, seg\u00fan la compa\u00f1\u00eda, con la necesidad espolear la eficiencia y compensar \u00abla fuerte inversi\u00f3n en la IA\u00bb.<\/strong><\/p>\n<p>\u00ab\u00c9sta no es una decisi\u00f3n f\u00e1cil y supondr\u00e1 despedir a personas que han realizado contribuciones significativas en Meta durante su estancia aqu\u00ed\u00bb, se\u00f1ala la compa\u00f1\u00eda en el memorando que ha hecho llegar a sus empleados.<\/p>\n<p><strong>Meta se ha comprometido, por otra parte, a ofrecer \u00abgenerosos paquetes de compensaci\u00f3n\u00bb<\/strong> a los trabajadores afectados por los despidos, que se beneficiar\u00e1n, entre otras cosas, del abono de 16 semanas de salario base y de dos semanas adicionales por cada a\u00f1o de antig\u00fcedad. Adem\u00e1s, la compa\u00f1\u00eda proporcionar\u00e1 cobertura sanitaria a los trabajadores afectados por los despidos durante los 18 meses posteriores a su cese.<\/p>\n<p><strong>Los despidos anunciados ahora no son los primeros acometidos en el seno de Meta en 2026<\/strong>. En enero la compa\u00f1\u00eda ya recort\u00f3 entre el 10% y el 15% de la plantilla en la divisi\u00f3n Reality Labs, cerr\u00f3 asimismo varios estudios de videojuegos enfocados a la realidad virtual y suprimi\u00f3 alrededor de 700 puestos de trabajo en al menos cinco divisiones diferentes durante el mes de marzo.<\/p>\n<p>En los \u00faltimos meses la compa\u00f1\u00eda ha levantado adem\u00e1s los cimientos de una nueva divisi\u00f3n que responder a la denominaci\u00f3n de <strong>\u00abApplied AI Engineering<\/strong>\u00bb y que est\u00e1 centrada en el desarrollo de agentes de IA.<\/p>\n<p>La reestructuraci\u00f3n en Meta se produce en <strong>un momento que es parad\u00f3jicamente muy s\u00f3lido en el plano financiero para la compa\u00f1\u00eda.<\/strong> En 2025 la compa\u00f1\u00eda obtuvo unos ingresos de 200.000 millones de d\u00f3lares y unos beneficios de 60.0000 millones de d\u00f3lares.<\/p>\n<p><strong>La actual ronda de despidos en Meta es la m\u00e1s importante acometida por la compa\u00f1\u00eda desde el periodo comprendido entre 2022 y 2023<\/strong>, cuando la compa\u00f1\u00eda elimin\u00f3 21.000 puestos de trabajo en respuesta a la depreciaci\u00f3n de sus t\u00edtulos en la bolsa y la contrataci\u00f3n masiva de personal que se produjo durante la pandemia y no pudo eventualmente sostenerse en el tiempo.<\/p>\n<\/div>\n\n<br \/><a href=\"https:\/\/www.marketingdirecto.com\/digital-general\/digital\/meta-descabeza-plantilla-aras-eficiencia\" target=\"_blank\" rel=\"noopener\">Source link <\/a><\/p>\n","protected":false},"excerpt":{"rendered":"<p>Meta comunic\u00f3 este jueves a sus empleados que a partir del pr\u00f3ximo 20 de mayo de mayor despedir\u00eda a aproximadamente el 10% de su plantilla. Los recortes afectar\u00e1n a alrededor de 8.000 de los 78.000 empleados que la multinacional estadounidense tiene actualmente en n\u00f3mina. La compa\u00f1\u00eda ha dado igualmente cuenta de su intenci\u00f3n de cerrar [&#8230;]\n","protected":false},"author":1,"featured_media":6527,"comment_status":"open","ping_status":"closed","sticky":false,"template":"","format":"standard","meta":{"footnotes":""},"categories":[8],"tags":[243,356,1287,12,285,90,75],"class_list":["post-6526","post","type-post","status-publish","format-standard","has-post-thumbnail","hentry","category-diseno-web","tag-agencia-de-diseno-web","tag-agencia-de-redes-sociales","tag-agencia-seo","tag-diseno-web","tag-manejo-de-redes-sociales","tag-posicionamiento-web","tag-seo"],"_links":{"self":[{"href":"https:\/\/disenodepagina.com\/disenoweb\/wp-json\/wp\/v2\/posts\/6526","targetHints":{"allow":["GET"]}}],"collection":[{"href":"https:\/\/disenodepagina.com\/disenoweb\/wp-json\/wp\/v2\/posts"}],"about":[{"href":"https:\/\/disenodepagina.com\/disenoweb\/wp-json\/wp\/v2\/types\/post"}],"author":[{"embeddable":true,"href":"https:\/\/disenodepagina.com\/disenoweb\/wp-json\/wp\/v2\/users\/1"}],"replies":[{"embeddable":true,"href":"https:\/\/disenodepagina.com\/disenoweb\/wp-json\/wp\/v2\/comments?post=6526"}],"version-history":[{"count":0,"href":"https:\/\/disenodepagina.com\/disenoweb\/wp-json\/wp\/v2\/posts\/6526\/revisions"}],"wp:featuredmedia":[{"embeddable":true,"href":"https:\/\/disenodepagina.com\/disenoweb\/wp-json\/wp\/v2\/media\/6527"}],"wp:attachment":[{"href":"https:\/\/disenodepagina.com\/disenoweb\/wp-json\/wp\/v2\/media?parent=6526"}],"wp:term":[{"taxonomy":"category","embeddable":true,"href":"https:\/\/disenodepagina.com\/disenoweb\/wp-json\/wp\/v2\/categories?post=6526"},{"taxonomy":"post_tag","embeddable":true,"href":"https:\/\/disenodepagina.com\/disenoweb\/wp-json\/wp\/v2\/tags?post=6526"}],"curies":[{"name":"wp","href":"https:\/\/api.w.org\/{rel}","templated":true}]}}