{"id":6511,"date":"2026-04-19T08:52:09","date_gmt":"2026-04-19T08:52:09","guid":{"rendered":"https:\/\/disenodepagina.com\/disenoweb\/la-sangre-invisibilizada-en-el-arte-asi-es-la-campana-de-kotex\/"},"modified":"2026-04-19T08:52:09","modified_gmt":"2026-04-19T08:52:09","slug":"la-sangre-invisibilizada-en-el-arte-asi-es-la-campana-de-kotex","status":"publish","type":"post","link":"https:\/\/disenodepagina.com\/disenoweb\/la-sangre-invisibilizada-en-el-arte-asi-es-la-campana-de-kotex\/","title":{"rendered":"La sangre invisibilizada en el arte: as\u00ed es la campa\u00f1a de Kotex"},"content":{"rendered":"<p> \n<\/p>\n<div>\n<p>A lo largo de la historia, la <strong><a href=\"https:\/\/www.marketingdirecto.com\/creacion\/campanas-de-marketing\/peta-riega-litros-sangre-perturbador-spot-navidad\" target=\"_blank\" rel=\"noreferrer noopener\">sangre<\/a> <\/strong>ha sido representada casi exclusivamente como s\u00edmbolo de violencia, conflicto y muerte en anuncios, pel\u00edculas y obras de arte. La \u00faltima campa\u00f1a de <strong><a href=\"https:\/\/www.marketingdirecto.com\/marketing-general\/comica-campana-imagina-menstruacion-maquina\" target=\"_blank\" rel=\"noreferrer noopener\">Kotex<\/a> <\/strong>(Kimberly-Clark), desarrollada por <strong><a href=\"https:\/\/www.marketingdirecto.com\/marketing-general\/agencias\/david-expande-presencia-europa-nueva-oficina-londres\" target=\"_blank\" rel=\"noreferrer noopener\">DAVID London<\/a><\/strong> y <strong>Ogilvy Singapur<\/strong>, aborda sin rodeos el<strong> tab\u00fa <\/strong>que a\u00fan rodea a la sangre de la <strong>menstruaci\u00f3n, <\/strong>tradicionalmente no representada en los anuncios de manera expl\u00edcita o se muestra mediante <a href=\"https:\/\/www.marketingdirecto.com\/marketing-general\/este-sangriento-spot-compresas-sangre-fluye-libremente-sin-tabues\" target=\"_blank\" rel=\"noreferrer noopener\">un irreal tono azul o rosa<\/a>.<\/p>\n<p>En esta campa\u00f1a, <strong>Kotex cuestiona el relato dominante en la <a href=\"https:\/\/www.marketingdirecto.com\/anunciantes-general\/creatividad-gota-absolut-vodka-homenaje-andy-warhol-arte\" target=\"_blank\" rel=\"noreferrer noopener\">historia del arte<\/a> y busca darle la vuelta. <\/strong>Desde las pinturas cl\u00e1sicas hasta el cine contempor\u00e1neo, la presencia de sangre se asocia de forma casi autom\u00e1tica con la herida, la guerra o el sacrificio. Sin embargo, esta mirada omite una realidad evidente: <strong>la sangre tambi\u00e9n es origen, ciclo y vida.<\/strong> Este silencio ocurre especialmente <a href=\"https:\/\/www.marketingdirecto.com\/marketing-general\/5-anuncios-de-tampones-y-compresas-que-si-tratan-a-las-mujeres-como-adultas\" type=\"link\" id=\"https:\/\/www.marketingdirecto.com\/marketing-general\/5-anuncios-de-tampones-y-compresas-que-si-tratan-a-las-mujeres-como-adultas\" target=\"_blank\" rel=\"noreferrer noopener\">cuando se trata de la menstruaci\u00f3n<\/a>, una de las manifestaciones m\u00e1s universales del cuerpo humano, que sigue envuelta en silencio, incomodidad y, en muchos casos, censura cultural.<\/p>\n<h2 class=\"wp-block-heading\">Kotex llena las calles e Internet con una verdad hist\u00f3rica<\/h2>\n<p>La propuesta de Kotex, <strong>\u00abArt\u2019s Missing Period\u00bb <\/strong>busca evidenciar c\u00f3mo se ha plasmado la sangre a lo largo de los siglos en cuadros y esculturas y la <strong>ausencia evidente de una <\/strong><a href=\"https:\/\/www.marketingdirecto.com\/creacion\/campanas-de-marketing\/campana-ajena-tabues-muestra-tejanos-manchados-sangre-menstrual\" target=\"_blank\" rel=\"noreferrer noopener\"><strong>representaci\u00f3n fidedigna<\/strong> de la menstruaci\u00f3n<\/a>. \u00bfPor qu\u00e9, si la sangre ha sido siempre protagonista en el arte y en la ficci\u00f3n, hist\u00f3ricamente ha sido invisibilizada su vinculaci\u00f3n con la regla?<\/p>\n<p>De esta manera, Kotex, marca internacional de productos de higiene menstrual, pone en el centro <strong>la sangre que el arte nunca quiso mostrar<\/strong>. Una amplia compilaci\u00f3n de obras demuestra que la \u00fanica sangre que la gente ve representada pertenece a escenas violentas, ya sean de tem\u00e1tica hist\u00f3rica, religiosa, b\u00e9lica o mitol\u00f3gica. El t\u00edtulo de la campa\u00f1a es un juego de palabras a ra\u00edz de \u00abperiod\u00bb que puede hacer referencia tanto a una etapa art\u00edstica como al ciclo menstrual.<\/p>\n<p>\u00abLa <strong>visibilidad<\/strong> da forma a la cultura, y nos hemos propuesto cambiar ambas\u00bb, afirma Genevieve Gransden, directora creativa ejecutiva de DAVID London. \u00abEsto no es solo una campa\u00f1a. Es una recuperaci\u00f3n de voces, narrativas y arte que merecen ser vistos\u00bb, a\u00f1ade Selma Ahmed, directora creativa ejecutiva de DAVID London.<\/p>\n<figure class=\"wp-block-embed is-type-video is-provider-youtube wp-block-embed-youtube wp-embed-aspect-16-9 wp-has-aspect-ratio\">\n<div class=\"wp-block-embed__wrapper\"><noscript><iframe loading=\"lazy\" title=\"Kotex Arts Missing Period\" width=\"1020\" height=\"574\" src=\"https:\/\/www.youtube.com\/embed\/0UUGRxKH16s?feature=oembed\" frameborder=\"0\" allow=\"accelerometer; autoplay; clipboard-write; encrypted-media; gyroscope; picture-in-picture; web-share\" referrerpolicy=\"strict-origin-when-cross-origin\" allowfullscreen><\/iframe><\/noscript><\/div><figcaption class=\"wp-element-caption\">Si no puedes visualizar correctamente, haz clic <a href=\"https:\/\/www.youtube.com\/watch?v=0UUGRxKH16s\" type=\"link\" id=\"https:\/\/www.youtube.com\/watch?v=0UUGRxKH16s\" target=\"_blank\" rel=\"noreferrer noopener nofollow\">aqu\u00ed<\/a><\/figcaption><\/figure>\n<h3 class=\"wp-block-heading\">Una campa\u00f1a que aborda el fen\u00f3meno de manera integral<\/h3>\n<p>Una de las piezas nucleares es un <strong>cortometraje <\/strong>documental de la cineasta Kathryn Everett, ganadora de un Emmy. Est\u00e1 narrado por la galardonada periodista y productora Noor Tagouri, que reflexiona acerca de c\u00f3mo la Humanidad acepta la sangre en contextos violentos, pero no la vinculada a la vida y la creaci\u00f3n (como el parto). Desde esta perspectiva, el v\u00eddeo acoge historias de artistas que tomado cartas sobre el asunto y, con sus trabajos creativos, han hecho frente al estigma de la menstruaci\u00f3n.<\/p>\n<figure class=\"wp-block-embed is-type-video is-provider-youtube wp-block-embed-youtube wp-embed-aspect-16-9 wp-has-aspect-ratio\">\n<div class=\"wp-block-embed__wrapper\"><noscript><iframe loading=\"lazy\" title=\"Kotex presents: Art&#039;s Missing Period\" width=\"1020\" height=\"574\" src=\"https:\/\/www.youtube.com\/embed\/EmCZ8EqEVKE?feature=oembed\" frameborder=\"0\" allow=\"accelerometer; autoplay; clipboard-write; encrypted-media; gyroscope; picture-in-picture; web-share\" referrerpolicy=\"strict-origin-when-cross-origin\" allowfullscreen><\/iframe><\/noscript><\/div><figcaption class=\"wp-element-caption\">Si no puedes visualizar correctamente, haz clic <a href=\"https:\/\/www.youtube.com\/watch?v=EmCZ8EqEVKE\" target=\"_blank\" rel=\"noreferrer noopener nofollow\">aqu\u00ed<\/a><\/figcaption><\/figure>\n<p>La campa\u00f1a ha buscado por todos los medios generar eco social y plasmar tambi\u00e9n la <strong>evidente laguna en el arte<\/strong> a trav\u00e9s de vallas publicitarias m\u00f3viles y carteles. Las piezas est\u00e1n situadas en las proximidades de museos como el Guggenheim, el MET, el Whitney Museum, el MOMA y otros, para trasladar directamente la obra a estos lugares tradicionales de culto y proponer un enfoque renovado.<\/p>\n<p>Las ejecuciones de exteriores incluyen c\u00f3digos QR que remiten a una galer\u00eda virtual con m\u00e1s de 40 obras de arte de tem\u00e1tica menstrual. La <strong>exposici\u00f3n online<\/strong>, ya disponible, se podr\u00e1 ver durante un a\u00f1o, hasta abril de 2027 en <a href=\"https:\/\/visit.virtualartgallery.com\/kotexartsmissingperiod\" target=\"_blank\" rel=\"noreferrer noopener nofollow\">este enlace<\/a>.<\/p>\n<figure class=\"wp-block-image size-full\"><img loading=\"lazy\" decoding=\"async\" width=\"1200\" height=\"675\" src=\"https:\/\/www.marketingdirecto.com\/wp-content\/uploads\/2026\/04\/arts-period-kotex-david-ogilvy-1.webp\" alt=\"arts period kotex david ogilvy\" class=\"wp-image-1133075\" srcset=\"https:\/\/www.marketingdirecto.com\/wp-content\/uploads\/2026\/04\/arts-period-kotex-david-ogilvy-1.webp 1200w, https:\/\/www.marketingdirecto.com\/wp-content\/uploads\/2026\/04\/arts-period-kotex-david-ogilvy-1-850x478.webp 850w, https:\/\/www.marketingdirecto.com\/wp-content\/uploads\/2026\/04\/arts-period-kotex-david-ogilvy-1-420x236.webp 420w, https:\/\/www.marketingdirecto.com\/wp-content\/uploads\/2026\/04\/arts-period-kotex-david-ogilvy-1-768x432.webp 768w\" sizes=\"auto, (max-width: 1200px) 100vw, 1200px\"\/><\/figure>\n<h2 class=\"wp-block-heading\">Ficha t\u00e9cnica<\/h2>\n<p><strong>AGENCIA:<\/strong> DAVID Londres y Ogilvy Singapur<\/p>\n<ul class=\"wp-block-list\">\n<li>Director creativo global y socio: Pancho Cassis<\/li>\n<li>Director creativo de Ogilvy Singapur: Nicolas Courant<\/li>\n<li>Directora de operaciones global: Sylvia Panico<\/li>\n<li>Directora general para Norteam\u00e9rica: Carolina Vieira<\/li>\n<li>Director creativo para Norteam\u00e9rica: Daniel Lobaton<\/li>\n<li>Director general para Europa y director creativo general de Madrid: Ricardo Honegger<\/li>\n<li>Directora creativa ejecutiva (ECD) en Londres: Genevive Gransden, Selma Ahmed<\/li>\n<li>Directora creativa ejecutiva (ECD) en EE. UU.: Lauren Varvara<\/li>\n<li>Directora creativa adjunta (ACD) en Ogilvy Singapur: Maggie Michella<\/li>\n<li>Director de arte: Camilo Jim\u00e9nez (Sazky)<\/li>\n<li>Directora global de estrategia: Paula Vampre<\/li>\n<li>Director ejecutivo de estrategia: Jeremy Davis<\/li>\n<li>Director de estrategia del grupo: James Mitchell<\/li>\n<li>Director ejecutivo de PMO: Jeremy Gelade<\/li>\n<li>Directora ejecutiva de negocios\/Jefa de cuentas: Mariana D\u2019 Aprile<\/li>\n<li>Directora de cuentas: Irene Leon<\/li>\n<li>Supervisora de Cuentas: Carolina Villareal<\/li>\n<li>Productora Ejecutiva: Katharine Cowell<\/li>\n<li>Gerente Senior de Asuntos Comerciales: Keri Rommel<\/li>\n<li>Directora Global de Relaciones P\u00fablicas y Comunicaciones: Sandra Azedo<\/li>\n<\/ul>\n<p><strong>CLIENTE: Kimberly-Clark<\/strong><\/p>\n<p><strong><u>Creatividad y Dise\u00f1o Global<\/u><\/strong><\/p>\n<ul class=\"wp-block-list\">\n<li>Patricia Corsi: Directora de Crecimiento<\/li>\n<li>Luiz Sanches: Director Global de Creatividad y Dise\u00f1o<\/li>\n<li>Denis Kakazu: Director Senior de Creatividad y Dise\u00f1o Global<\/li>\n<li>Gustavo Sarkis: Director creativo global<\/li>\n<li>Katie Nikolaus: Directora de marketing global y alianzas<\/li>\n<li>Jen Kasmarick: Directora de contenido y producci\u00f3n global<\/li>\n<li>Sarah Paulsen: Directora s\u00e9nior de marketing global<\/li>\n<li>Leandro Crispin: L\u00edder s\u00e9nior de dise\u00f1o, Dise\u00f1o global<\/li>\n<\/ul>\n<p><strong><u>KCNA Marketing<\/u><\/strong><\/p>\n<ul class=\"wp-block-list\">\n<li>Katie Moran, Presidenta de Cuidado para adultos y cuidado femenino<\/li>\n<li>Nicole Pawlukowsky, Vicepresidenta de marketing de cuidado femenino<\/li>\n<li>Joanna Moy, responsable de Contenido y Conexiones de Cuidado Femenino<\/li>\n<li>Annie Griffin, responsable de Activaci\u00f3n Digital de Cuidado Femenino<\/li>\n<\/ul>\n<p><strong><span style=\"text-decoration: underline;\">Producci\u00f3n de WPP<\/span><\/strong><\/p>\n<ul class=\"wp-block-list\">\n<li>Tania Sethi: directora de Producci\u00f3n para Am\u00e9rica<\/li>\n<li>James Brook-Partridge: jefe de Producci\u00f3n<\/li>\n<li>Katharine Cowell: productora ejecutiva<\/li>\n<li>Keri Catanzano: directora s\u00e9nior de Asuntos Comerciales<\/li>\n<li>Tejaswita Desai: directora de Asuntos Comerciales<\/li>\n<li>Stephen Bernstein: director global de Asuntos Comerciales<\/li>\n<li>Mattia Capasso: asistente de producci\u00f3n<\/li>\n<li>Annika Gustavsson: productora ejecutiva de posproducci\u00f3n<\/li>\n<li>Simon Hargood, Ben Mullins: editores adicionales<\/li>\n<li>Huw Caddy: editor online<\/li>\n<li>Chris Barralet: artista de efectos visuales<\/li>\n<li>Steve Wasas, Tom Brady: supervisor de motion graphics<\/li>\n<li>Edwin Metternich: colorista<\/li>\n<li>Jason Martine: artista principal de CG<\/li>\n<li>Andrew Gould: supervisor de CG<\/li>\n<li>Mark Beardall, Ksenia Usenko: online\/efectos visuales<\/li>\n<\/ul>\n<p><strong>EMPRESA PRODUCTORA: Object &amp; Animal Production<\/strong><\/p>\n<ul class=\"wp-block-list\">\n<li>Kathryn Everett: Directora<\/li>\n<li>Dom Thomas: Productor ejecutivo<\/li>\n<li>Serafima Kutsenko: Productora<\/li>\n<li>Will Atherton: Director de fotograf\u00eda<\/li>\n<li>Brydie O\u2019Connor: Productora de archivos<\/li>\n<li>Elisabetta Garletti: Investigadora colaboradora<\/li>\n<li>Harriet Loffler: Consultora de investigaci\u00f3n colaboradora<\/li>\n<li>Jessie Findlay: Guionista<\/li>\n<li>Collin Kriner: Editor offline<\/li>\n<li>Pam Autuori: Compositora<\/li>\n<li>Jared Oliff-Lieberman, Jamie Winslow, John Robert Horville, Bryan Mitchell, Joe Dimanche, Tim Colao, Toby Norman: Producci\u00f3n<\/li>\n<li>Mezclador de sonido (unidad de EE. UU.): Eric Ledet, Joe Maggi, Tam\u00e1s Jeszenszky<\/li>\n<li>Mia Goff, Sophie Ono, Gaayatri Dhawan: Artistas de peluquer\u00eda y maquillaje<\/li>\n<li>Bohdan Rohulskyi: Operador de c\u00e1mara de material de archivo<\/li>\n<li>Matt Hampton: Conductor de minib\u00fas<\/li>\n<li>Laura Hegarty, Lauren Skillen: Jefas de producci\u00f3n<\/li>\n<li>Garytt Poirier, Michelle Kinsler: Finanzas y operaciones<\/li>\n<li>Grace Kahaki Munthali: Socia gerente<\/li>\n<li>Philippe Bresson: Director creativo \/ Productor<\/li>\n<\/ul>\n<p><strong>750 mph \u2013 Sonido<\/strong><\/p>\n<ul class=\"wp-block-list\">\n<li>Ella Venvell: Productora del estudio de sonido 750mph<\/li>\n<li>Giselle Hall: Ingeniera de sonido 750 mph<\/li>\n<\/ul>\n<p><strong>Colaboradores<\/strong><\/p>\n<ul class=\"wp-block-list\">\n<li>Noor Tagouri: Periodista<\/li>\n<li>Farah Ahamed: Escritora<\/li>\n<li>Poulomi Basu: Artista<\/li>\n<li>Akira Crosby: Artista<\/li>\n<li>Dra. Camilla Power: Antrop\u00f3loga, UCL<\/li>\n<li>Dra. Alana Harris: Catedr\u00e1tica de G\u00e9nero e Historia Religiosa Moderna<\/li>\n<li>Stephanie Bickford-Smith: Dise\u00f1adora<\/li>\n<\/ul>\n<\/div>\n\n<br \/><a href=\"https:\/\/www.marketingdirecto.com\/creacion\/campanas-de-marketing\/sangre-kotex-siglos-censura-arte-historia\" target=\"_blank\" rel=\"noopener\">Source link <\/a><\/p>\n","protected":false},"excerpt":{"rendered":"<p>A lo largo de la historia, la sangre ha sido representada casi exclusivamente como s\u00edmbolo de violencia, conflicto y muerte en anuncios, pel\u00edculas y obras de arte. La \u00faltima campa\u00f1a de Kotex (Kimberly-Clark), desarrollada por DAVID London y Ogilvy Singapur, aborda sin rodeos el tab\u00fa que a\u00fan rodea a la sangre de la menstruaci\u00f3n, tradicionalmente [&#8230;]\n","protected":false},"author":1,"featured_media":6514,"comment_status":"open","ping_status":"closed","sticky":false,"template":"","format":"standard","meta":{"footnotes":""},"categories":[8],"tags":[243,356,1287,12,285,90,75],"class_list":["post-6511","post","type-post","status-publish","format-standard","has-post-thumbnail","hentry","category-diseno-web","tag-agencia-de-diseno-web","tag-agencia-de-redes-sociales","tag-agencia-seo","tag-diseno-web","tag-manejo-de-redes-sociales","tag-posicionamiento-web","tag-seo"],"_links":{"self":[{"href":"https:\/\/disenodepagina.com\/disenoweb\/wp-json\/wp\/v2\/posts\/6511","targetHints":{"allow":["GET"]}}],"collection":[{"href":"https:\/\/disenodepagina.com\/disenoweb\/wp-json\/wp\/v2\/posts"}],"about":[{"href":"https:\/\/disenodepagina.com\/disenoweb\/wp-json\/wp\/v2\/types\/post"}],"author":[{"embeddable":true,"href":"https:\/\/disenodepagina.com\/disenoweb\/wp-json\/wp\/v2\/users\/1"}],"replies":[{"embeddable":true,"href":"https:\/\/disenodepagina.com\/disenoweb\/wp-json\/wp\/v2\/comments?post=6511"}],"version-history":[{"count":0,"href":"https:\/\/disenodepagina.com\/disenoweb\/wp-json\/wp\/v2\/posts\/6511\/revisions"}],"wp:featuredmedia":[{"embeddable":true,"href":"https:\/\/disenodepagina.com\/disenoweb\/wp-json\/wp\/v2\/media\/6514"}],"wp:attachment":[{"href":"https:\/\/disenodepagina.com\/disenoweb\/wp-json\/wp\/v2\/media?parent=6511"}],"wp:term":[{"taxonomy":"category","embeddable":true,"href":"https:\/\/disenodepagina.com\/disenoweb\/wp-json\/wp\/v2\/categories?post=6511"},{"taxonomy":"post_tag","embeddable":true,"href":"https:\/\/disenodepagina.com\/disenoweb\/wp-json\/wp\/v2\/tags?post=6511"}],"curies":[{"name":"wp","href":"https:\/\/api.w.org\/{rel}","templated":true}]}}