{"id":6360,"date":"2026-02-14T06:43:39","date_gmt":"2026-02-14T06:43:39","guid":{"rendered":"https:\/\/disenodepagina.com\/disenoweb\/cristina-villarroya-cierra-etapa-en-wpp\/"},"modified":"2026-02-14T06:43:39","modified_gmt":"2026-02-14T06:43:39","slug":"cristina-villarroya-cierra-etapa-en-wpp","status":"publish","type":"post","link":"https:\/\/disenodepagina.com\/disenoweb\/cristina-villarroya-cierra-etapa-en-wpp\/","title":{"rendered":"Cristina Villarroya cierra etapa en WPP"},"content":{"rendered":"<p> \n<\/p>\n<div>\n<p><strong>Cristina Villarroya <\/strong>cierra su etapa como <strong>Client Managing Director en WPP Media Spain<\/strong>, en medio de un proceso de reorganizaci\u00f3n y simplificaci\u00f3n de marcas dentro del grupo WPP Espa\u00f1a. La salida se produce tras la integraci\u00f3n de sus agencias bajo la nueva denominaci\u00f3n global WPP Media, y en un contexto de <a href=\"https:\/\/www.marketingdirecto.com\/marketing-general\/agencias\/wpp-estudia-mejorar-salario-su-ceo-cindy-rose-plena-reestructuracion\" type=\"link\" id=\"https:\/\/www.marketingdirecto.com\/marketing-general\/agencias\/wpp-estudia-mejorar-salario-su-ceo-cindy-rose-plena-reestructuracion\" target=\"_blank\" rel=\"noreferrer noopener\">ajustes estrat\u00e9gicos<\/a> orientados a optimizar estructuras y liderazgos.<\/p>\n<h2 class=\"wp-block-heading\">Trayectoria de Cristina Villarrroya<\/h2>\n<p>Villarroya es una profesional de referencia en la industria de medios y comunicaci\u00f3n, con\u00a0<strong>m\u00e1s de 26 a\u00f1os de experiencia<\/strong> en grandes compa\u00f1\u00edas, startups y agencias. Antes de su etapa en WPP Media, donde tambi\u00e9n fue\u00a0<strong>Managing Director en Wavemaker<\/strong>, trabaj\u00f3 m\u00e1s de ocho a\u00f1os en\u00a0<strong>BBVA<\/strong>\u00a0como\u00a0<strong>Digital &amp; Media Strategy Director<\/strong>, liderando proyectos de transformaci\u00f3n digital y estrategia de marketing.<\/p>\n<p>Su trayectoria combina liderazgo estrat\u00e9gico, experiencia en medios y digital, y conocimientos en MarTech, especialmente en la transici\u00f3n hacia entornos cookieless.<\/p>\n<\/div>\n\n<br \/><a href=\"https:\/\/www.marketingdirecto.com\/marketing-general\/gente\/cristina-villarroya-cierra-etapa-wpp\" target=\"_blank\" rel=\"noopener\">Source link <\/a><\/p>\n","protected":false},"excerpt":{"rendered":"<p>Cristina Villarroya cierra su etapa como Client Managing Director en WPP Media Spain, en medio de un proceso de reorganizaci\u00f3n y simplificaci\u00f3n de marcas dentro del grupo WPP Espa\u00f1a. La salida se produce tras la integraci\u00f3n de sus agencias bajo la nueva denominaci\u00f3n global WPP Media, y en un contexto de ajustes estrat\u00e9gicos orientados a [&#8230;]\n","protected":false},"author":1,"featured_media":6361,"comment_status":"open","ping_status":"closed","sticky":false,"template":"","format":"standard","meta":{"footnotes":""},"categories":[8],"tags":[243,356,1287,12,285,90,75],"class_list":["post-6360","post","type-post","status-publish","format-standard","has-post-thumbnail","hentry","category-diseno-web","tag-agencia-de-diseno-web","tag-agencia-de-redes-sociales","tag-agencia-seo","tag-diseno-web","tag-manejo-de-redes-sociales","tag-posicionamiento-web","tag-seo"],"_links":{"self":[{"href":"https:\/\/disenodepagina.com\/disenoweb\/wp-json\/wp\/v2\/posts\/6360","targetHints":{"allow":["GET"]}}],"collection":[{"href":"https:\/\/disenodepagina.com\/disenoweb\/wp-json\/wp\/v2\/posts"}],"about":[{"href":"https:\/\/disenodepagina.com\/disenoweb\/wp-json\/wp\/v2\/types\/post"}],"author":[{"embeddable":true,"href":"https:\/\/disenodepagina.com\/disenoweb\/wp-json\/wp\/v2\/users\/1"}],"replies":[{"embeddable":true,"href":"https:\/\/disenodepagina.com\/disenoweb\/wp-json\/wp\/v2\/comments?post=6360"}],"version-history":[{"count":0,"href":"https:\/\/disenodepagina.com\/disenoweb\/wp-json\/wp\/v2\/posts\/6360\/revisions"}],"wp:featuredmedia":[{"embeddable":true,"href":"https:\/\/disenodepagina.com\/disenoweb\/wp-json\/wp\/v2\/media\/6361"}],"wp:attachment":[{"href":"https:\/\/disenodepagina.com\/disenoweb\/wp-json\/wp\/v2\/media?parent=6360"}],"wp:term":[{"taxonomy":"category","embeddable":true,"href":"https:\/\/disenodepagina.com\/disenoweb\/wp-json\/wp\/v2\/categories?post=6360"},{"taxonomy":"post_tag","embeddable":true,"href":"https:\/\/disenodepagina.com\/disenoweb\/wp-json\/wp\/v2\/tags?post=6360"}],"curies":[{"name":"wp","href":"https:\/\/api.w.org\/{rel}","templated":true}]}}