{"id":6350,"date":"2026-02-10T06:37:39","date_gmt":"2026-02-10T06:37:39","guid":{"rendered":"https:\/\/disenodepagina.com\/disenoweb\/monica-matiacci-nueva-media-brand-director-en-hmg-mio-group\/"},"modified":"2026-02-10T06:37:39","modified_gmt":"2026-02-10T06:37:39","slug":"monica-matiacci-nueva-media-brand-director-en-hmg-mio-group","status":"publish","type":"post","link":"https:\/\/disenodepagina.com\/disenoweb\/monica-matiacci-nueva-media-brand-director-en-hmg-mio-group\/","title":{"rendered":"M\u00f3nica Matiacci, nueva Media Brand Director en HMG (Mio Group)"},"content":{"rendered":"<p> \n<\/p>\n<div>\n<p><strong>HMG<\/strong>, la agencia de medios de <a href=\"https:\/\/www.marketingdirecto.com\/marketing-general\/agencias\/mio-group-presenta-nuevo-proposito-renueva-identidad-marca\" target=\"_blank\" rel=\"noreferrer noopener\">MIO Group<\/a>, anuncia la incorporaci\u00f3n de <strong>M\u00f3nica Matiacci <\/strong>como <strong>Media Brand Director<\/strong>. Un movimiento estrat\u00e9gico que refuerza la ambici\u00f3n de la compa\u00f1\u00eda por seguir consolidando su posicionamiento en el mercado y ofrecer un mayor valor a sus clientes.<\/p>\n<p>Desde su nueva posici\u00f3n, ser\u00e1 responsable de impulsar la <strong><a href=\"https:\/\/www.marketingdirecto.com\/marketing-general\/gente\/fallece-david-rubio-pena-chief-trading-officer-beyond\" target=\"_blank\" rel=\"noreferrer noopener\">estrategia de medios<\/a> y la construcci\u00f3n de marcas<\/strong>. Su experiencia en gesti\u00f3n de equipos, negociaci\u00f3n de alto nivel y desarrollo de relaciones con grandes cuentas, agencias y medios contribuir\u00e1 a fortalecer las capacidades estrat\u00e9gicas de HMG y a acompa\u00f1ar a los clientes en un entorno cada vez m\u00e1s complejo y cambiante.<\/p>\n<p>El nombramiento de M\u00f3nica Matiacci se enmarca en el <strong>plan de crecimiento de HMG y MIO Group<\/strong> que apuesta por el talento senior, el liderazgo y la especializaci\u00f3n como palancas clave para acelerar la transformaci\u00f3n de las marcas y maximizar el impacto de las estrategias de medios.<\/p>\n<h2 class=\"wp-block-heading\">La trayectoria de M\u00f3nica Matiacci<\/h2>\n<p>Con m\u00e1s de <strong>25 a\u00f1os de experiencia <\/strong>en el \u00e1mbito comercial y de ventas dentro del sector audiovisual y publicitario, Matiacci ha desarrollado su trayectoria en compa\u00f1\u00edas de referencia como <strong>Movistar+, <a href=\"https:\/\/www.marketingdirecto.com\/marketing-general\/entrevistas\/entrevista-arena-media-premios-eficacia-arena-media\" target=\"_blank\" rel=\"noreferrer noopener\">Arena Media<\/a> (Havas Group), Sogecable y Antena 3<\/strong>, ocupando puestos de alta responsabilidad y liderando proyectos de gran impacto.<\/p>\n<p>Para ella, esta incorporaci\u00f3n a HMG la afronta \u00abcon mucha ilusi\u00f3n y energ\u00eda, y con la motivaci\u00f3n de formar parte de un proyecto s\u00f3lido y en plena evoluci\u00f3n como es MIO Group\u00bb. Y a\u00f1ade: \u00abComienzo esta nueva etapa con el <strong>compromiso de aportar toda mi experiencia, aprender del talento del equipo <\/strong>y trabajar de forma muy <strong>cercana con los clientes <\/strong>para seguir impulsando marcas relevantes y con impacto real\u00bb.<\/p>\n<p> <iframe loading=\"lazy\" src=\"https:\/\/www.linkedin.com\/embed\/feed\/update\/urn:li:share:7426598576736141312?collapsed=1\" height=\"543\" width=\"504\" frameborder=\"0\" allowfullscreen=\"\" title=\"Publicaci\u00f3n integrada\"><\/iframe><\/div>\n\n<br \/><a href=\"https:\/\/www.marketingdirecto.com\/marketing-general\/gente\/monica-matiacci-hmg-mio-group\" target=\"_blank\" rel=\"noopener\">Source link <\/a><\/p>\n","protected":false},"excerpt":{"rendered":"<p>HMG, la agencia de medios de MIO Group, anuncia la incorporaci\u00f3n de M\u00f3nica Matiacci como Media Brand Director. Un movimiento estrat\u00e9gico que refuerza la ambici\u00f3n de la compa\u00f1\u00eda por seguir consolidando su posicionamiento en el mercado y ofrecer un mayor valor a sus clientes. Desde su nueva posici\u00f3n, ser\u00e1 responsable de impulsar la estrategia de [&#8230;]\n","protected":false},"author":1,"featured_media":6351,"comment_status":"open","ping_status":"closed","sticky":false,"template":"","format":"standard","meta":{"footnotes":""},"categories":[8],"tags":[243,356,1287,12,285,90,75],"class_list":["post-6350","post","type-post","status-publish","format-standard","has-post-thumbnail","hentry","category-diseno-web","tag-agencia-de-diseno-web","tag-agencia-de-redes-sociales","tag-agencia-seo","tag-diseno-web","tag-manejo-de-redes-sociales","tag-posicionamiento-web","tag-seo"],"_links":{"self":[{"href":"https:\/\/disenodepagina.com\/disenoweb\/wp-json\/wp\/v2\/posts\/6350","targetHints":{"allow":["GET"]}}],"collection":[{"href":"https:\/\/disenodepagina.com\/disenoweb\/wp-json\/wp\/v2\/posts"}],"about":[{"href":"https:\/\/disenodepagina.com\/disenoweb\/wp-json\/wp\/v2\/types\/post"}],"author":[{"embeddable":true,"href":"https:\/\/disenodepagina.com\/disenoweb\/wp-json\/wp\/v2\/users\/1"}],"replies":[{"embeddable":true,"href":"https:\/\/disenodepagina.com\/disenoweb\/wp-json\/wp\/v2\/comments?post=6350"}],"version-history":[{"count":0,"href":"https:\/\/disenodepagina.com\/disenoweb\/wp-json\/wp\/v2\/posts\/6350\/revisions"}],"wp:featuredmedia":[{"embeddable":true,"href":"https:\/\/disenodepagina.com\/disenoweb\/wp-json\/wp\/v2\/media\/6351"}],"wp:attachment":[{"href":"https:\/\/disenodepagina.com\/disenoweb\/wp-json\/wp\/v2\/media?parent=6350"}],"wp:term":[{"taxonomy":"category","embeddable":true,"href":"https:\/\/disenodepagina.com\/disenoweb\/wp-json\/wp\/v2\/categories?post=6350"},{"taxonomy":"post_tag","embeddable":true,"href":"https:\/\/disenodepagina.com\/disenoweb\/wp-json\/wp\/v2\/tags?post=6350"}],"curies":[{"name":"wp","href":"https:\/\/api.w.org\/{rel}","templated":true}]}}