{"id":6183,"date":"2025-12-05T04:47:17","date_gmt":"2025-12-05T04:47:17","guid":{"rendered":"https:\/\/disenodepagina.com\/disenoweb\/jose-maria-rull-presidente-y-ceo-de-omnicom-advertising-en-espana\/"},"modified":"2025-12-05T04:47:17","modified_gmt":"2025-12-05T04:47:17","slug":"jose-maria-rull-presidente-y-ceo-de-omnicom-advertising-en-espana","status":"publish","type":"post","link":"https:\/\/disenodepagina.com\/disenoweb\/jose-maria-rull-presidente-y-ceo-de-omnicom-advertising-en-espana\/","title":{"rendered":"Jos\u00e9 Mar\u00eda Rull, presidente y CEO de Omnicom Advertising en Espa\u00f1a"},"content":{"rendered":"<p> \n<\/p>\n<p>MarketingDirecto.com \u2013 MKD ha podido confirmar con Jos\u00e9 Mar\u00eda Rull su nombramiento como nuevo presidente y CEO de Omnicom Advertising en Espa\u00f1a.<\/p>\n<div>\n<p><strong>Omnicom Advertising<\/strong> ya tiene nuevo m\u00e1ximo responsable en Espa\u00f1a. <strong>Jos\u00e9 Mar\u00eda Rull, <\/strong>hasta ahora presidente y CEO de DDB Espa\u00f1a, asumir\u00e1 la presidencia y direcci\u00f3n ejecutiva de la nueva estructura creativa nacida de la reciente fusi\u00f3n entre<strong> Omnicom e IPG<\/strong>, seg\u00fan ha podido confirmar <em><a href=\"https:\/\/www.marketingdirecto.com\/\" target=\"_blank\" rel=\"noreferrer noopener\">MarketingDirecto.com \u2013 MKD<\/a> <\/em>con el propio directivo.<\/p>\n<p>Rull <strong>asumir\u00e1 as\u00ed la responsabilidad de la estructura que integra las redes BBDO y TBWA,<\/strong> procedentes de Omnicom, <strong>y McCann,<\/strong> que hasta ahora formaba parte de IPG. La integraci\u00f3n implica que redes hist\u00f3ricas como<strong> DDB, FCB y MullenLowe <\/strong>dejar\u00e1n de operar como marcas independientes, pasando a formar parte de la nueva arquitectura creativa de Omnicom Advertising.<\/p>\n<p>El <a href=\"https:\/\/www.marketingdirecto.com\/marketing-general\/gente\/jose-maria-rull-nombrado-presidente-y-ceo-de-ddb-espana\" target=\"_blank\" rel=\"noreferrer noopener\">hasta ahora presidente y CEO de DDB Espa\u00f1a<\/a>, se pone al frente de la operaci\u00f3n de Omnicom Advertising en nuestro pa\u00eds. Esta unidad creativa estar\u00e1 liderada globalmente por <strong>Troy Ruhanen,<\/strong> quien ocupa el cargo de Global Chief Executive Officer.<\/p>\n<p>Esta semana tambi\u00e9n se ha conocido que <strong><a href=\"https:\/\/www.marketingdirecto.com\/marketing-general\/gente\/david-colomer-ceo-de-omnicom-media-tras-fusion-ipg\" target=\"_blank\" rel=\"noreferrer noopener\">David Colomer<\/a> <\/strong>ser\u00e1 el CEO de Omnicom Media en Espa\u00f1a, mientras que<strong> Joan Jordi Vallverd\u00fa,<\/strong> desempe\u00f1ar\u00e1 un cargo global en el \u00e1rea de clientes.<\/p>\n<h2 class=\"wp-block-heading\">Jos\u00e9 Mar\u00eda Rull se pone al frente de Omnicom Advertising<\/h2>\n<p>A lo largo de m\u00e1s de 27 a\u00f1os en DDB, marca que desaparece tras la adquisici\u00f3n de IPG, Rull ha destacado la importancia de<strong> unir creatividad y visi\u00f3n humana,<\/strong> siendo estos los pilares sobre los que se fundamenta el buen trabajo en la publicidad.<\/p>\n<p>Adem\u00e1s, como explican desde la organizaci\u00f3n, <strong>Omnicom Advertising <\/strong>busca construir con su propuesta las marcas m\u00e1s reconocidas y efectivas del mundo. Posicion\u00e1ndose como la red creativa m\u00e1s grande del mundo, compuesta por agencias emblem\u00e1ticas en las que conf\u00edan casi dos tercios de las empresas l\u00edderes mundiales.<\/p>\n<\/div>\n\n<br \/><a href=\"https:\/\/www.marketingdirecto.com\/marketing-general\/gente\/jose-maria-rull-presidente-ceo-omnicom-advertising-espana\" target=\"_blank\" rel=\"noopener\">Source link <\/a><\/p>\n","protected":false},"excerpt":{"rendered":"<p>MarketingDirecto.com \u2013 MKD ha podido confirmar con Jos\u00e9 Mar\u00eda Rull su nombramiento como nuevo presidente y CEO de Omnicom Advertising en Espa\u00f1a. Omnicom Advertising ya tiene nuevo m\u00e1ximo responsable en Espa\u00f1a. Jos\u00e9 Mar\u00eda Rull, hasta ahora presidente y CEO de DDB Espa\u00f1a, asumir\u00e1 la presidencia y direcci\u00f3n ejecutiva de la nueva estructura creativa nacida de [&#8230;]\n","protected":false},"author":1,"featured_media":6184,"comment_status":"open","ping_status":"closed","sticky":false,"template":"","format":"standard","meta":{"footnotes":""},"categories":[8],"tags":[243,356,1287,12,285,90,75],"class_list":["post-6183","post","type-post","status-publish","format-standard","has-post-thumbnail","hentry","category-diseno-web","tag-agencia-de-diseno-web","tag-agencia-de-redes-sociales","tag-agencia-seo","tag-diseno-web","tag-manejo-de-redes-sociales","tag-posicionamiento-web","tag-seo"],"_links":{"self":[{"href":"https:\/\/disenodepagina.com\/disenoweb\/wp-json\/wp\/v2\/posts\/6183","targetHints":{"allow":["GET"]}}],"collection":[{"href":"https:\/\/disenodepagina.com\/disenoweb\/wp-json\/wp\/v2\/posts"}],"about":[{"href":"https:\/\/disenodepagina.com\/disenoweb\/wp-json\/wp\/v2\/types\/post"}],"author":[{"embeddable":true,"href":"https:\/\/disenodepagina.com\/disenoweb\/wp-json\/wp\/v2\/users\/1"}],"replies":[{"embeddable":true,"href":"https:\/\/disenodepagina.com\/disenoweb\/wp-json\/wp\/v2\/comments?post=6183"}],"version-history":[{"count":0,"href":"https:\/\/disenodepagina.com\/disenoweb\/wp-json\/wp\/v2\/posts\/6183\/revisions"}],"wp:featuredmedia":[{"embeddable":true,"href":"https:\/\/disenodepagina.com\/disenoweb\/wp-json\/wp\/v2\/media\/6184"}],"wp:attachment":[{"href":"https:\/\/disenodepagina.com\/disenoweb\/wp-json\/wp\/v2\/media?parent=6183"}],"wp:term":[{"taxonomy":"category","embeddable":true,"href":"https:\/\/disenodepagina.com\/disenoweb\/wp-json\/wp\/v2\/categories?post=6183"},{"taxonomy":"post_tag","embeddable":true,"href":"https:\/\/disenodepagina.com\/disenoweb\/wp-json\/wp\/v2\/tags?post=6183"}],"curies":[{"name":"wp","href":"https:\/\/api.w.org\/{rel}","templated":true}]}}