{"id":6180,"date":"2025-12-04T04:45:45","date_gmt":"2025-12-04T04:45:45","guid":{"rendered":"https:\/\/disenodepagina.com\/disenoweb\/apple-lanza-un-musical-que-muestra-el-poder-de-la-accesibilidad\/"},"modified":"2025-12-04T04:45:45","modified_gmt":"2025-12-04T04:45:45","slug":"apple-lanza-un-musical-que-muestra-el-poder-de-la-accesibilidad","status":"publish","type":"post","link":"https:\/\/disenodepagina.com\/disenoweb\/apple-lanza-un-musical-que-muestra-el-poder-de-la-accesibilidad\/","title":{"rendered":"Apple lanza un musical que muestra el poder de la accesibilidad"},"content":{"rendered":"<p> \n<\/p>\n<p>Apple lanza \u00abI&#8217;m Not Remarkable\u00bb, un musical universitario que visibiliza c\u00f3mo la accesibilidad potencia la inclusi\u00f3n y autonom\u00eda de los estudiantes.<\/p>\n<div>\n<p><strong>Apple <\/strong>ha lanzado un nuevo cortometraje global titulado<strong> \u00abI\u2019m Not Remarkable\u00bb <\/strong>(No soy especial), un musical universitario que pone en primer plano <strong>la vida de estudiantes con discapacidad y la tecnolog\u00eda de accesibilidad integrada en sus dispositivos.<\/strong> El spot se estrena justo antes del <strong>D\u00eda Internacional de las Personas con Discapacidad,<\/strong> el 3 de diciembre de 2025, y forma parte de la estrategia continua de Apple para visibilizar c\u00f3mo la accesibilidad puede potenciar la autonom\u00eda y la inclusi\u00f3n.<\/p>\n<p><strong>Dirigida por Kim Gehrig,<\/strong> responsable del exitoso cortometraje de <strong>Apple The Greatest<\/strong> (2022), la nueva producci\u00f3n adopta un enfoque musical y desenfadado. Estudiantes de distintas universidades del mundo participan en actuaciones de canto y baile en aulas, residencias y fiestas, mostrando c\u00f3mo funciones como VoiceOver, Assistive Touch y Live Captions, junto con novedades de este a\u00f1o como<strong> Magnifier para Mac, Braille Access y Accesibility Reader, <\/strong>facilitan su vida acad\u00e9mica y social.<\/p>\n<figure class=\"wp-block-embed is-type-video is-provider-youtube wp-block-embed-youtube wp-embed-aspect-16-9 wp-has-aspect-ratio\">\n<div class=\"wp-block-embed__wrapper\">\n<p><iframe loading=\"lazy\" title=\"Accessibility | I\u2019m Not Remarkable | Apple\" width=\"1020\" height=\"574\" src=\"https:\/\/www.youtube.com\/embed\/KmFPWxjmnqE?feature=oembed\" frameborder=\"0\" allow=\"accelerometer; autoplay; clipboard-write; encrypted-media; gyroscope; picture-in-picture; web-share\" referrerpolicy=\"strict-origin-when-cross-origin\" allowfullscreen><\/iframe><\/p>\n<\/div><figcaption class=\"wp-element-caption\">Si no visualiza correctamente el video embedded, <a href=\"https:\/\/www.youtube.com\/watch?v=KmFPWxjmnqE\" target=\"_blank\" rel=\"noreferrer noopener nofollow\">haga clic aqu\u00ed.<\/a><\/figcaption><\/figure>\n<h2 class=\"wp-block-heading\">Un musical que celebra la inclusi\u00f3n digital<\/h2>\n<p>El cortometraje busca mostrar que <strong>la accesibilidad no es un extra t\u00e9cnico, sino un aliado cotidiano que ayuda a los estudiantes a estudiar, socializar y desenvolverse en la universidad<\/strong> a su manera. La canci\u00f3n tiene como objetivo transmitir el mensaje de que los estudiantes con discapacidad no son \u00abm\u00e1s especiales\u00bb que los dem\u00e1s, simplemente necesitan herramientas diferentes para desarrollarse plenamente.<\/p>\n<p><strong>Apple lleva d\u00e9cadas apostando por <\/strong><a href=\"https:\/\/www.marketingdirecto.com\/creacion\/campanas-de-marketing\/apple-presenta-the-relay-homenaje-atletas-con-sin-discapacidad\" target=\"_blank\" rel=\"noreferrer noopener\"><strong>la accesibilidad<\/strong>.<\/a> Desde la creaci\u00f3n de su primera oficina de discapacidad en 1985, cinco a\u00f1os antes de la aprobaci\u00f3n de la Ley de Estadounidenses con Discapacidades, la compa\u00f1\u00eda ha integrado funciones inclusivas en sus dispositivos y ha apoyado proyectos creativos como The Lost Voice de Taika Waititi, el homenaje paral\u00edmpico The Relay, Heartstrings (nominada a los Emmy 2024) y la serie documental sobre el Parkinson No Frame Missed.<\/p>\n<p>La campa\u00f1a de \u00abI\u2019m Not Remarkable\u00bb se difundir\u00e1 a nivel global en televisi\u00f3n, plataformas digitales y redes sociales, reforzando <a href=\"https:\/\/www.apple.com\/es\/?afid=p240%7Cgo~cmp-207224435~adg-16626051515~ad-773344077059_kwd-10778630~dev-c~ext-~prd-~mca-~nt-search&amp;cid=aos-es-kwgo-brand--\" target=\"_blank\" rel=\"noreferrer noopener nofollow\">el compromiso de Apple<\/a> con la inclusi\u00f3n y el bienestar de las personas con discapacidad.<\/p>\n<\/div>\n\n<br \/><a href=\"https:\/\/www.marketingdirecto.com\/creacion\/campanas-de-marketing\/apple-visibiliza-vida-universitaria-discapacidad-accesibilidad\" target=\"_blank\" rel=\"noopener\">Source link <\/a><\/p>\n","protected":false},"excerpt":{"rendered":"<p>Apple lanza \u00abI&#8217;m Not Remarkable\u00bb, un musical universitario que visibiliza c\u00f3mo la accesibilidad potencia la inclusi\u00f3n y autonom\u00eda de los estudiantes. Apple ha lanzado un nuevo cortometraje global titulado \u00abI\u2019m Not Remarkable\u00bb (No soy especial), un musical universitario que pone en primer plano la vida de estudiantes con discapacidad y la tecnolog\u00eda de accesibilidad integrada [&#8230;]\n","protected":false},"author":1,"featured_media":6182,"comment_status":"open","ping_status":"closed","sticky":false,"template":"","format":"standard","meta":{"footnotes":""},"categories":[8],"tags":[243,356,1287,12,285,90,75],"class_list":["post-6180","post","type-post","status-publish","format-standard","has-post-thumbnail","hentry","category-diseno-web","tag-agencia-de-diseno-web","tag-agencia-de-redes-sociales","tag-agencia-seo","tag-diseno-web","tag-manejo-de-redes-sociales","tag-posicionamiento-web","tag-seo"],"_links":{"self":[{"href":"https:\/\/disenodepagina.com\/disenoweb\/wp-json\/wp\/v2\/posts\/6180","targetHints":{"allow":["GET"]}}],"collection":[{"href":"https:\/\/disenodepagina.com\/disenoweb\/wp-json\/wp\/v2\/posts"}],"about":[{"href":"https:\/\/disenodepagina.com\/disenoweb\/wp-json\/wp\/v2\/types\/post"}],"author":[{"embeddable":true,"href":"https:\/\/disenodepagina.com\/disenoweb\/wp-json\/wp\/v2\/users\/1"}],"replies":[{"embeddable":true,"href":"https:\/\/disenodepagina.com\/disenoweb\/wp-json\/wp\/v2\/comments?post=6180"}],"version-history":[{"count":0,"href":"https:\/\/disenodepagina.com\/disenoweb\/wp-json\/wp\/v2\/posts\/6180\/revisions"}],"wp:featuredmedia":[{"embeddable":true,"href":"https:\/\/disenodepagina.com\/disenoweb\/wp-json\/wp\/v2\/media\/6182"}],"wp:attachment":[{"href":"https:\/\/disenodepagina.com\/disenoweb\/wp-json\/wp\/v2\/media?parent=6180"}],"wp:term":[{"taxonomy":"category","embeddable":true,"href":"https:\/\/disenodepagina.com\/disenoweb\/wp-json\/wp\/v2\/categories?post=6180"},{"taxonomy":"post_tag","embeddable":true,"href":"https:\/\/disenodepagina.com\/disenoweb\/wp-json\/wp\/v2\/tags?post=6180"}],"curies":[{"name":"wp","href":"https:\/\/api.w.org\/{rel}","templated":true}]}}