{"id":6178,"date":"2025-12-03T04:44:56","date_gmt":"2025-12-03T04:44:56","guid":{"rendered":"https:\/\/disenodepagina.com\/disenoweb\/el-director-de-ia-de-apple-john-giannandrea-deja-su-cargo\/"},"modified":"2025-12-03T04:44:56","modified_gmt":"2025-12-03T04:44:56","slug":"el-director-de-ia-de-apple-john-giannandrea-deja-su-cargo","status":"publish","type":"post","link":"https:\/\/disenodepagina.com\/disenoweb\/el-director-de-ia-de-apple-john-giannandrea-deja-su-cargo\/","title":{"rendered":"El director de IA de Apple, John Giannandrea, deja su cargo"},"content":{"rendered":"<p> \n<\/p>\n<p>El vicepresidente s\u00e9nior de aprendizaje autom\u00e1tico y estrategia de IA de Apple ha dejado su cargo en un momento clave para la marca tecnol\u00f3gica.<\/p>\n<div>\n<p><strong><a href=\"https:\/\/www.marketingdirecto.com\/temas\/apple\" target=\"_blank\" rel=\"noreferrer noopener\">Apple<\/a> <\/strong>ha anunciado que <strong>John Giannandrea<\/strong>, el m\u00e1ximo responsable del departamento de <strong>inteligencia artificial<\/strong> de la empresa tecnol\u00f3gica internacional, ir\u00e1 progresivamente abandonando sus funciones <strong>hasta su marcha definitiva en 2026. <\/strong>El experto de la computaci\u00f3n se retira oficialmente despu\u00e9s de casi ocho a\u00f1os en el cargo, aunque continuar\u00e1 actuando como asesor durante los pr\u00f3ximos meses.<\/p>\n<p>John Giannandrea es un <strong><a href=\"https:\/\/www.marketingdirecto.com\/anunciantes-general\/publicaciones\/referencias-moldean-ia-iconos-marcas-mas-imitados-debate-abierto-sobre-creatividad-autoria\" target=\"_blank\" rel=\"noreferrer noopener\">referente mundial en inteligencia artificial<\/a><\/strong>, especializado en b\u00fasqueda, aprendizaje autom\u00e1tico e IA aplicada a productos de consumo. Fue responsable de liderar la estrategia de <em>machine learning<\/em> y b\u00fasqueda en Google y m\u00e1s tarde, se ha ocupado de esta misma \u00e1rea en Apple desde 2018. Desde esta posici\u00f3n impuls\u00f3 avances en Siri en el plano de la privacidad diferencial y la computaci\u00f3n, as\u00ed como de la evoluci\u00f3n del asistente de voz. Su trayectoria lo sit\u00faa como una de las <strong>figuras clave en la integraci\u00f3n pr\u00e1ctica y \u00e9tica de la IA <\/strong>en tecnolog\u00edas cotidianas.<\/p>\n<h2 class=\"wp-block-heading\">Una nueva etapa en Apple<\/h2>\n<p>Tras la salida Giannandrea, le suceder\u00e1 en el puesto de vicepresidente senior de <em>machine learning<\/em> (aprendizaje autom\u00e1tico) y estrategia de IA de Apple <strong>Amar Subramanya<\/strong>, quien aterriza en la marca de la manzana despu\u00e9s de pasar un breve periodo en un cargo similar en <a href=\"https:\/\/www.marketingdirecto.com\/temas\/microsoft\" target=\"_blank\" rel=\"noreferrer noopener\">Microsoft<\/a> y de otros diecis\u00e9is a\u00f1os en Google. Desde su nuevo rol, reportar\u00e1 a Craig Federighi, adjunto al CEO; un cambio respecto a la situaci\u00f3n actual, dado que Giannandrea reportaba directamente al director ejecutivo, Tim Cook.<\/p>\n<p>\u00abLa IA ha sido durante mucho tiempo central en la estrategia de Apple y estamos encantados de darle la bienvenida a Amar al <strong>equipo de liderazgo de Craig <\/strong>y de aportar su extraordinaria experiencia en IA a Apple\u00bb, expres\u00f3 p\u00fablicamente Cook el lunes. Seg\u00fan el comunicado oficial, Subramanya se encargar\u00e1 de Apple Foundation Models, de la investigaci\u00f3n en aprendizaje autom\u00e1tico y de los equipos de AI Safety and Evaluation.\u00a0<\/p>\n<p>Como sugiere el medio Xataka, <strong>esta rotaci\u00f3n en el puesto podr\u00eda responder a tensiones internas<\/strong>, dado que, mientras que Giannandrea defend\u00eda una l\u00ednea m\u00e1s enfocada en la privacidad del usuario -ejemplo de su postura hacia el uso \u00e9tico de la tecnolog\u00eda-, Federighi opta por una perspectiva m\u00e1s pr\u00e1ctica con hambre de resultados pr\u00f3ximos. Parece ser que este \u00faltimo ha sido el enfoque predominante, que podr\u00eda marcar los pr\u00f3ximos pasos de Apple.<\/p>\n<h3 class=\"wp-block-heading\">Apple, tratando de mantener su atractivo en el terreno de juego<\/h3>\n<p>En la <strong>marat\u00f3n por el desarrollo de la IA <\/strong>participan numerosos competidores y cada uno trata de mantenerse en forma sin quedarse atr\u00e1s. <strong><a href=\"https:\/\/www.marketingdirecto.com\/digital-general\/digital\/openai-dispositivo-inteligencia-artificial-sam-altman-jony-ive\" target=\"_blank\" rel=\"noreferrer noopener\">OpenAI<\/a>, Meta, Microsoft o Google<\/strong> contin\u00faan en su avance, siendo para todas ellas la inteligencia artificial una pieza central.<\/p>\n<p>En el caso de Apple, se qued\u00f3 un poco a la zaga cuando <a href=\"https:\/\/www.marketingdirecto.com\/digital-general\/digital\/apple-aplaza-debut-siri-vitaminada-ia\" target=\"_blank\" rel=\"noreferrer noopener\">tuvo que aplazar la <strong>actualizaci\u00f3n de Siri<\/strong><\/a>, que por el momento no ha visto la luz, un retraso que no gust\u00f3 a Cook, como se\u00f1ala Bloomberg. Las nuevas funcionalidades previsiblemente llegar\u00e1n en 2026, tal como advirti\u00f3 la propia compa\u00f1\u00eda. \u00abEstamos haciendo buenos progresos en ello y, como hemos compartido, <strong>esperamos lanzarlo el pr\u00f3ximo a\u00f1o\u00bb,<\/strong> anunci\u00f3 Cook en su \u00faltimo reporte de resultados trimestrales a finales de octubre.<\/p>\n<p>Sin embargo, la marca no tira la toalla y sigue avanzando en otros frentes: \u00abCon <strong>Apple Intelligence<\/strong>, hemos introducido docenas de nuevas funciones que son potentes, intuitivas, privadas y profundamente integradas en las cosas que la gente hace todos los d\u00edas\u00bb, asegur\u00f3 tambi\u00e9n el CEO de Apple.<\/p>\n<p>Seg\u00fan fuentes de la <em>NBC News,<\/em> Apple llevar\u00eda unas semanas tratando de tejer un <strong>acuerdo <\/strong>similar al que tiene con OpenAI -de integraci\u00f3n de <a href=\"https:\/\/www.marketingdirecto.com\/digital-general\/digital\/elon-musk-demanda-apple-openai-por-favorecer-chatgpt-app-store\" target=\"_blank\" rel=\"noreferrer noopener\">ChatGPT<\/a> en iOS y macOS- con Google, Perplexity y Anthropic para incorporar a sus sistemas sus respectivos modelos de IA, pero por el momento no hay ninguna informaci\u00f3n ni confirmaci\u00f3n oficial por parte de dichas compa\u00f1\u00edas.<\/p>\n<\/div>\n\n<br \/><a href=\"https:\/\/www.marketingdirecto.com\/marketing-general\/gente\/apple-john-giannandrea-director-ia-jubilacion\" target=\"_blank\" rel=\"noopener\">Source link <\/a><\/p>\n","protected":false},"excerpt":{"rendered":"<p>El vicepresidente s\u00e9nior de aprendizaje autom\u00e1tico y estrategia de IA de Apple ha dejado su cargo en un momento clave para la marca tecnol\u00f3gica. Apple ha anunciado que John Giannandrea, el m\u00e1ximo responsable del departamento de inteligencia artificial de la empresa tecnol\u00f3gica internacional, ir\u00e1 progresivamente abandonando sus funciones hasta su marcha definitiva en 2026. El [&#8230;]\n","protected":false},"author":1,"featured_media":6179,"comment_status":"open","ping_status":"closed","sticky":false,"template":"","format":"standard","meta":{"footnotes":""},"categories":[8],"tags":[243,356,1287,12,285,90,75],"class_list":["post-6178","post","type-post","status-publish","format-standard","has-post-thumbnail","hentry","category-diseno-web","tag-agencia-de-diseno-web","tag-agencia-de-redes-sociales","tag-agencia-seo","tag-diseno-web","tag-manejo-de-redes-sociales","tag-posicionamiento-web","tag-seo"],"_links":{"self":[{"href":"https:\/\/disenodepagina.com\/disenoweb\/wp-json\/wp\/v2\/posts\/6178","targetHints":{"allow":["GET"]}}],"collection":[{"href":"https:\/\/disenodepagina.com\/disenoweb\/wp-json\/wp\/v2\/posts"}],"about":[{"href":"https:\/\/disenodepagina.com\/disenoweb\/wp-json\/wp\/v2\/types\/post"}],"author":[{"embeddable":true,"href":"https:\/\/disenodepagina.com\/disenoweb\/wp-json\/wp\/v2\/users\/1"}],"replies":[{"embeddable":true,"href":"https:\/\/disenodepagina.com\/disenoweb\/wp-json\/wp\/v2\/comments?post=6178"}],"version-history":[{"count":0,"href":"https:\/\/disenodepagina.com\/disenoweb\/wp-json\/wp\/v2\/posts\/6178\/revisions"}],"wp:featuredmedia":[{"embeddable":true,"href":"https:\/\/disenodepagina.com\/disenoweb\/wp-json\/wp\/v2\/media\/6179"}],"wp:attachment":[{"href":"https:\/\/disenodepagina.com\/disenoweb\/wp-json\/wp\/v2\/media?parent=6178"}],"wp:term":[{"taxonomy":"category","embeddable":true,"href":"https:\/\/disenodepagina.com\/disenoweb\/wp-json\/wp\/v2\/categories?post=6178"},{"taxonomy":"post_tag","embeddable":true,"href":"https:\/\/disenodepagina.com\/disenoweb\/wp-json\/wp\/v2\/tags?post=6178"}],"curies":[{"name":"wp","href":"https:\/\/api.w.org\/{rel}","templated":true}]}}