{"id":6175,"date":"2025-12-02T04:43:27","date_gmt":"2025-12-02T04:43:27","guid":{"rendered":"https:\/\/disenodepagina.com\/disenoweb\/mcdonalds-muestra-la-caotica-navidad-con-ayuda-de-ia\/"},"modified":"2025-12-02T04:43:27","modified_gmt":"2025-12-02T04:43:27","slug":"mcdonalds-muestra-la-caotica-navidad-con-ayuda-de-ia","status":"publish","type":"post","link":"https:\/\/disenodepagina.com\/disenoweb\/mcdonalds-muestra-la-caotica-navidad-con-ayuda-de-ia\/","title":{"rendered":"McDonald\u2019s muestra la ca\u00f3tica Navidad con ayuda de IA"},"content":{"rendered":"<p> \n<\/p>\n<p>McDonald\u2019s Pa\u00edses Bajos usa IA para mostrar el caos y humor de diciembre, dejando atr\u00e1s la Navidad perfecta y villancicos id\u00edlicos.<\/p>\n<div>\n<p><strong>McDonald\u2019s Pa\u00edses Bajos<\/strong> ha dado un giro inesperado a la publicidad navide\u00f1a tradicional dejando a un lado a esas cenas perfectas y villancicos id\u00edlicos, para apostar por <strong>la \u00abterrible\u00bb realidad de diciembre <\/strong>en su nueva campa\u00f1a, creada por <strong>TBWA\\NEBOKO<\/strong>, que utiliza inteligencia artificial para amplificar el caos y <a href=\"https:\/\/www.marketingdirecto.com\/campanas-navidenas\/google-presume-superpoderes-ia-spots-navidenos\" target=\"_blank\" rel=\"noreferrer noopener\">el humor de la temporada. <\/a><\/p>\n<p>El anuncio reimagina la ic\u00f3nica frase<strong> \u00abEs la \u00e9poca m\u00e1s maravillosa del a\u00f1o\u00bb<\/strong> como <strong>\u00abla \u00e9poca m\u00e1s terrible del a\u00f1o\u00bb<\/strong>, reflejando el estr\u00e9s, las prisas y los peque\u00f1os dramas que viven muchos consumidores. Seg\u00fan un estudio de MediaTest, dos tercios de los holandeses desean tener m\u00e1s tiempo para ellos mismos en diciembre, un insight que la marca ha convertido en el eje de su storytelling.<\/p>\n<p>\u00abDesde el principio quer\u00edamos desafiar las convenciones de la publicidad navide\u00f1a\u00bb, <strong>explica Darre van Dijk, director creativo de TBWA\\NEBOKO. <\/strong>\u00abNuestra reinterpretaci\u00f3n de la canci\u00f3n navide\u00f1a fue aprobada por los titulares de los derechos y marc\u00f3 el rumbo de toda la campa\u00f1a\u00bb.<\/p>\n<figure class=\"wp-block-embed is-type-video is-provider-youtube wp-block-embed-youtube wp-embed-aspect-16-9 wp-has-aspect-ratio\">\n<div class=\"wp-block-embed__wrapper\">\n<p><iframe loading=\"lazy\" title=\"McDonald&#039;s | It&#039;s the most terrible time of the year\" width=\"1020\" height=\"574\" src=\"https:\/\/www.youtube.com\/embed\/SROxy7KxFpw?feature=oembed\" frameborder=\"0\" allow=\"accelerometer; autoplay; clipboard-write; encrypted-media; gyroscope; picture-in-picture; web-share\" referrerpolicy=\"strict-origin-when-cross-origin\" allowfullscreen><\/iframe><\/p>\n<\/div><figcaption class=\"wp-element-caption\">Si no visualiza correctamente el video embedded, <a href=\"https:\/\/www.youtube.com\/watch?v=SROxy7KxFpw&amp;t=45s\" target=\"_blank\" rel=\"noreferrer noopener nofollow\">haga clic aqu\u00ed.<\/a><\/figcaption><\/figure>\n<h2 class=\"wp-block-heading\">McDonald\u2019s Pa\u00edses Bajos usa IA para mostrar la realidad ca\u00f3tica de diciembre<\/h2>\n<p>El spot combina <strong>escenas t\u00edpicas de la Navidad en los Pa\u00edses Bajos con el poder creativo de la IA,<\/strong> desarrolladas junto al colectivo internacional de especialistas y el d\u00fao de directores de Los \u00c1ngeles MAMA (Sweetshop). <strong>Van Dijk detalla: <\/strong>\u00abQuer\u00edamos hacer <strong>una pel\u00edcula totalmente basada en IA<\/strong>, con un valor de producci\u00f3n real y la locura visual que solo la inteligencia artificial puede ofrecer\u00bb.<\/p>\n<p>La campa\u00f1a forma parte de la plataforma <strong>\u00abDecember could use a little McDonald\u2019s\u00bb<\/strong>, que busca ofrecer peque\u00f1os momentos de alivio durante el mes m\u00e1s estresante del a\u00f1o. Incluye el regreso del calendario digital de regalos en la app de McDonald\u2019s, con una sorpresa diaria para los usuarios, completando otras activaciones de la marca a lo largo de diciembre.<\/p>\n<p>Para <strong>Karin van Prooijen, directora de marketing de McDonald\u2019s en Pa\u00edses Bajos, <\/strong>la campa\u00f1a tiene un prop\u00f3sito claro: <strong>adaptarse a la realidad de la temporada<\/strong>. \u00abDiciembre es un mes ajetreado. Queremos dar a la gente algo que esperar cada d\u00eda, no solo en las fechas m\u00e1s se\u00f1aladas\u00bb, asegura.<\/p>\n<p>Con humor, realismo y creatividad, <strong><a href=\"https:\/\/mcdonalds.es\/\" target=\"_blank\" rel=\"noreferrer noopener nofollow\">McDonald\u2019s <\/a><\/strong>demuestra que en la publicidad navide\u00f1a, a veces la honestidad y la risa valen m\u00e1s que la perfecci\u00f3n.<\/p>\n<\/div>\n\n<br \/><a href=\"https:\/\/www.marketingdirecto.com\/creacion\/campanas-de-marketing\/mcdonalds-reinventa-navidad-mostrando-estres-diciembre-ayuda-ia\" target=\"_blank\" rel=\"noopener\">Source link <\/a><\/p>\n","protected":false},"excerpt":{"rendered":"<p>McDonald\u2019s Pa\u00edses Bajos usa IA para mostrar el caos y humor de diciembre, dejando atr\u00e1s la Navidad perfecta y villancicos id\u00edlicos. McDonald\u2019s Pa\u00edses Bajos ha dado un giro inesperado a la publicidad navide\u00f1a tradicional dejando a un lado a esas cenas perfectas y villancicos id\u00edlicos, para apostar por la \u00abterrible\u00bb realidad de diciembre en su [&#8230;]\n","protected":false},"author":1,"featured_media":6177,"comment_status":"open","ping_status":"closed","sticky":false,"template":"","format":"standard","meta":{"footnotes":""},"categories":[8],"tags":[243,356,1287,12,285,90,75],"class_list":["post-6175","post","type-post","status-publish","format-standard","has-post-thumbnail","hentry","category-diseno-web","tag-agencia-de-diseno-web","tag-agencia-de-redes-sociales","tag-agencia-seo","tag-diseno-web","tag-manejo-de-redes-sociales","tag-posicionamiento-web","tag-seo"],"_links":{"self":[{"href":"https:\/\/disenodepagina.com\/disenoweb\/wp-json\/wp\/v2\/posts\/6175","targetHints":{"allow":["GET"]}}],"collection":[{"href":"https:\/\/disenodepagina.com\/disenoweb\/wp-json\/wp\/v2\/posts"}],"about":[{"href":"https:\/\/disenodepagina.com\/disenoweb\/wp-json\/wp\/v2\/types\/post"}],"author":[{"embeddable":true,"href":"https:\/\/disenodepagina.com\/disenoweb\/wp-json\/wp\/v2\/users\/1"}],"replies":[{"embeddable":true,"href":"https:\/\/disenodepagina.com\/disenoweb\/wp-json\/wp\/v2\/comments?post=6175"}],"version-history":[{"count":0,"href":"https:\/\/disenodepagina.com\/disenoweb\/wp-json\/wp\/v2\/posts\/6175\/revisions"}],"wp:featuredmedia":[{"embeddable":true,"href":"https:\/\/disenodepagina.com\/disenoweb\/wp-json\/wp\/v2\/media\/6177"}],"wp:attachment":[{"href":"https:\/\/disenodepagina.com\/disenoweb\/wp-json\/wp\/v2\/media?parent=6175"}],"wp:term":[{"taxonomy":"category","embeddable":true,"href":"https:\/\/disenodepagina.com\/disenoweb\/wp-json\/wp\/v2\/categories?post=6175"},{"taxonomy":"post_tag","embeddable":true,"href":"https:\/\/disenodepagina.com\/disenoweb\/wp-json\/wp\/v2\/tags?post=6175"}],"curies":[{"name":"wp","href":"https:\/\/api.w.org\/{rel}","templated":true}]}}