{"id":6169,"date":"2025-11-29T04:39:41","date_gmt":"2025-11-29T04:39:41","guid":{"rendered":"https:\/\/disenodepagina.com\/disenoweb\/biscoff-redisena-el-envase-de-su-famosa-crema-para-untar\/"},"modified":"2025-11-29T04:39:41","modified_gmt":"2025-11-29T04:39:41","slug":"biscoff-redisena-el-envase-de-su-famosa-crema-para-untar","status":"publish","type":"post","link":"https:\/\/disenodepagina.com\/disenoweb\/biscoff-redisena-el-envase-de-su-famosa-crema-para-untar\/","title":{"rendered":"Biscoff redise\u00f1a el envase de su famosa crema para untar"},"content":{"rendered":"<p> \n<\/p>\n<p>El nuevo dise\u00f1o tiene una est\u00e9tica m\u00e1s moderna y atractiva, que recrea la ic\u00f3nica galleta.<\/p>\n<div>\n<p><a href=\"https:\/\/www.marketingdirecto.com\/creacion\/campanas-de-marketing\/nuevo-milka-biscoff-disponible-espana\" target=\"_blank\" rel=\"noreferrer noopener\">Biscoff<\/a> presenta el <strong>nuevo dise\u00f1o<\/strong> de su <strong>crema para untar<\/strong>, con el que quieren reforzar la identidad visual de la marca y conectar directamente con el origen del producto: <strong>la ic\u00f3nica galleta Biscoff.\u00a0<\/strong> El nuevo envase refuerza la sensaci\u00f3n de cercan\u00eda y familiaridad que caracteriza a la marca, al mismo\u00a0 tiempo <strong>mantiene su compromiso con la calidad y la innovaci\u00f3n.\u00a0<\/strong><\/p>\n<p>Con una forma contorneada y un relieve que <strong>reproduce la galleta<\/strong> Biscoff, este nuevo envase es un gui\u00f1o al producto que inspira su sabor. Adem\u00e1s, la orientaci\u00f3n de la etiqueta y el equilibrio visual del conjunto contribuyen a que tenga una est\u00e9tica m\u00e1s<strong> moderna<\/strong>, <strong>atractiva<\/strong> y <strong>f\u00e1cilmente reconocible<\/strong>.\u00a0<\/p>\n<p><strong>Rosa L\u00f3pez-Huerta<\/strong>, Marketing &amp; Category Development Manager, explica que el redise\u00f1o \u00abtiene\u00a0como objetivo reforzar la identidad visual de la marca, crear una conexi\u00f3n m\u00e1s directa con su\u00a0 ic\u00f3nica galleta\u00bb. Para el consumidor, este redise\u00f1o supone una mejora en su experiencia de\u00a0compra, \u00abva a ser mucho m\u00e1s f\u00e1cil de identificar su crema favorita del\u00a0 mercado\u00bb, se\u00f1ala L\u00f3pez-Huerta.<\/p>\n<blockquote class=\"instagram-media\" data-instgrm-captioned=\"\" data-instgrm-permalink=\"https:\/\/www.instagram.com\/p\/DFkIrGMo05i\/?utm_source=ig_embed&amp;utm_campaign=loading\" data-instgrm-version=\"14\" style=\" background:#FFF; border:0; border-radius:3px; box-shadow:0 0 1px 0 rgba(0,0,0,0.5),0 1px 10px 0 rgba(0,0,0,0.15); margin: 1px; max-width:540px; min-width:326px; padding:0; width:99.375%; width:-webkit-calc(100% - 2px); width:calc(100% - 2px);\"\/>\n<p>La <a href=\"https:\/\/www.lotusbiscoff.com\/es-es\/productos\/crema-de-lotus-biscoff\" target=\"_blank\" rel=\"noreferrer noopener nofollow\">crema Biscoff<\/a> es<strong> perfecta para untar<\/strong>, incorporar en <strong>recetas<\/strong> o dar un <strong>toque \u00fanico a tus postres<\/strong>.\u00a0 El envase nuevo no solo mejora la experiencia visual, tambi\u00e9n refuerza la versatilidad del producto pudiendo darle usos m\u00e1s creativos incluso despu\u00e9s de consumirlo. Gracias a su dise\u00f1o, el tarro puede reutilizarse en la cocina o en el hogar, aline\u00e1ndose con el compromiso medioambiental de la marca, d\u00e1ndole una segunda vida a los envases. As\u00ed, se ofrece al consumidor una experiencia m\u00e1s completa y sostenible.\u00a0<\/p>\n<p>Con este nuevo dise\u00f1o, la compa\u00f1\u00eda reafirma su apuesta por <strong>evolucionar<\/strong> sin perder su esencia, manteniendo intacto el <strong>sabor inconfundible<\/strong> y la <strong>textura cremosa<\/strong> que han convertido a su crema de untar en un referente del sabor \u00fanico Biscoff.\u00a0<\/p>\n<\/div>\n<p><script async src=\"\/\/www.instagram.com\/embed.js\"><\/script><br \/>\n\n<br \/><a href=\"https:\/\/www.marketingdirecto.com\/anunciantes-general\/nuevo-diseno-crema-untar-biscoff-guino-origen-marca\" target=\"_blank\" rel=\"noopener\">Source link <\/a><\/p>\n","protected":false},"excerpt":{"rendered":"<p>El nuevo dise\u00f1o tiene una est\u00e9tica m\u00e1s moderna y atractiva, que recrea la ic\u00f3nica galleta. Biscoff presenta el nuevo dise\u00f1o de su crema para untar, con el que quieren reforzar la identidad visual de la marca y conectar directamente con el origen del producto: la ic\u00f3nica galleta Biscoff.\u00a0 El nuevo envase refuerza la sensaci\u00f3n de [&#8230;]\n","protected":false},"author":1,"featured_media":6170,"comment_status":"open","ping_status":"closed","sticky":false,"template":"","format":"standard","meta":{"footnotes":""},"categories":[8],"tags":[243,356,1287,12,285,90,75],"class_list":["post-6169","post","type-post","status-publish","format-standard","has-post-thumbnail","hentry","category-diseno-web","tag-agencia-de-diseno-web","tag-agencia-de-redes-sociales","tag-agencia-seo","tag-diseno-web","tag-manejo-de-redes-sociales","tag-posicionamiento-web","tag-seo"],"_links":{"self":[{"href":"https:\/\/disenodepagina.com\/disenoweb\/wp-json\/wp\/v2\/posts\/6169","targetHints":{"allow":["GET"]}}],"collection":[{"href":"https:\/\/disenodepagina.com\/disenoweb\/wp-json\/wp\/v2\/posts"}],"about":[{"href":"https:\/\/disenodepagina.com\/disenoweb\/wp-json\/wp\/v2\/types\/post"}],"author":[{"embeddable":true,"href":"https:\/\/disenodepagina.com\/disenoweb\/wp-json\/wp\/v2\/users\/1"}],"replies":[{"embeddable":true,"href":"https:\/\/disenodepagina.com\/disenoweb\/wp-json\/wp\/v2\/comments?post=6169"}],"version-history":[{"count":0,"href":"https:\/\/disenodepagina.com\/disenoweb\/wp-json\/wp\/v2\/posts\/6169\/revisions"}],"wp:featuredmedia":[{"embeddable":true,"href":"https:\/\/disenodepagina.com\/disenoweb\/wp-json\/wp\/v2\/media\/6170"}],"wp:attachment":[{"href":"https:\/\/disenodepagina.com\/disenoweb\/wp-json\/wp\/v2\/media?parent=6169"}],"wp:term":[{"taxonomy":"category","embeddable":true,"href":"https:\/\/disenodepagina.com\/disenoweb\/wp-json\/wp\/v2\/categories?post=6169"},{"taxonomy":"post_tag","embeddable":true,"href":"https:\/\/disenodepagina.com\/disenoweb\/wp-json\/wp\/v2\/tags?post=6169"}],"curies":[{"name":"wp","href":"https:\/\/api.w.org\/{rel}","templated":true}]}}