{"id":6165,"date":"2025-11-27T04:35:57","date_gmt":"2025-11-27T04:35:57","guid":{"rendered":"https:\/\/disenodepagina.com\/disenoweb\/todos-los-ganadores-de-los-premios-wn-2025\/"},"modified":"2025-11-27T04:35:57","modified_gmt":"2025-11-27T04:35:57","slug":"todos-los-ganadores-de-los-premios-wn-2025","status":"publish","type":"post","link":"https:\/\/disenodepagina.com\/disenoweb\/todos-los-ganadores-de-los-premios-wn-2025\/","title":{"rendered":"Todos los ganadores de los Premios W!N 2025"},"content":{"rendered":"<p> \n<\/p>\n<p>AcentoenlaC\u00e9, Mahou y Edelman brillan en los Premios W!N 2025, reconociendo campa\u00f1as que inspiran, transforman y conectan.<\/p>\n<div>\n<p><strong>La II edici\u00f3n de los Premios W!N<\/strong>, una iniciativa impulsada por <strong>ADC<\/strong>, la Asociaci\u00f3n de Consultoras de Comunicaci\u00f3n, reuni\u00f3 a unos <strong>240 representantes de agencias, consultoras, empresas, instituciones y medios de comunicaci\u00f3n<\/strong> en la cena de gala y ceremonia de entrega de premios: <strong>\u00abNo es magia, es PR\u00bb<\/strong>, porque las ideas que realmente transforman son el resultado de la estrategia y el trabajo bien ejecutado de las relaciones p\u00fablicas, y por eso esta noche celebramos con los Premios W!N la verdadera magia de la comunicaci\u00f3n.<\/p>\n<p><strong>El periodista Ricardo Altable fue el responsable de conducir la Gala de la II edici\u00f3n de los Premios W!N, <\/strong>que comenz\u00f3 con unas palabras de bienvenida de <strong>Ludi Garc\u00eda, presidenta de ADC y directora general de SEC Newgate y de Ana Pic\u00f3, directora de los Premios W!N y Managing Director en Havas PR.<\/strong><\/p>\n<p><strong>Ludi Garc\u00eda destac\u00f3: <\/strong>\u00abEs una noche con tantos compa\u00f1eros y compa\u00f1eras del sector para celebrar lo mejor de nuestra profesi\u00f3n, los Premios W!N nos recuerdan que la comunicaci\u00f3n conecta, inspira y transforma. Cada d\u00eda se nos pide m\u00e1s impacto, m\u00e1s creatividad y m\u00e1s responsabilidad, y estos premios son la prueba de que la comunicaci\u00f3n es una herramienta transformadora cuando se basa en estrategia, rigor y prop\u00f3sito. Nada de esto es magia: es el trabajo excelente de nuestras agencias y profesionales\u00bb.<\/p>\n<p>Por su part<strong>e Ana Pic\u00f3 se\u00f1al\u00f3:<\/strong> \u00abEsta Gala demuestra el alt\u00edsimo nivel de los trabajos presentados este a\u00f1o, reflejo del talento y la evoluci\u00f3n que vive nuestro sector. Los Premios W!N nacieron para reconocer campa\u00f1as que generan conversaciones reales y aportan valor, y esta edici\u00f3n confirma que seguimos elevando el list\u00f3n en creatividad, estrategia y \u00e9tica profesional\u00bb.<\/p>\n<p>Tras la bienvenida, un n\u00famero de magia sorprendi\u00f3 a los asistentes antes de dar paso a la entrega de galardones. El jurado \u2014compuesto por referentes del sector\u2014 valor\u00f3 especialmente la solidez estrat\u00e9gica, la creatividad, la ejecuci\u00f3n t\u00e1ctica y los resultados obtenidos, as\u00ed como el respeto al C\u00f3digo \u00c9tico de ADC. En esta segunda edici\u00f3n se revisaron 115 campa\u00f1as, de las cuales 55 llegaron a la lista corta de las 12 categor\u00edas.<\/p>\n<h2 class=\"wp-block-heading\"><span class=\"ez-toc-section\" id=\"todos-los-ganadores-de-la-segunda-edicion-de-los-premios-wn\"\/>Todos los ganadores de la segunda edici\u00f3n de los Premios W!N<span class=\"ez-toc-section-end\"\/><\/h2>\n<p><strong>El Gran Premio <\/strong>recay\u00f3 en <strong>AcentoenlaC\u00e9\/CYW <\/strong>por la campa\u00f1a \u00abEl complemento perfecto\u00bb para Aceites de Oliva de Espa\u00f1a.<\/p>\n<p>La puntuaci\u00f3n acumulada en las diferentes categor\u00edas \u20143 puntos por cada bronce, 5 por cada plata, 7 por cada oro y 5 puntos adicionales por el Gran Premio\u2014 situ\u00f3 a<strong> AcentoenlaC\u00e9 como la Agencia del A\u00f1o. <\/strong>Su liderazgo creativo, la consistencia en los resultados y su presencia destacada en m\u00faltiples categor\u00edas consolidaron su posici\u00f3n como referente del sector.<\/p>\n<h3 class=\"wp-block-heading\">Premios Especiales ADC<\/h3>\n<p>Adem\u00e1s de las 12 categor\u00edas a concurso, ADC ha entregado <strong>tres Premios Especiales <\/strong>\u2013propuestos por la junta directiva de ADC y elegidas por los asociados. Estos tres galardones reflejan el compromiso de la asociaci\u00f3n con la excelencia, la \u00e9tica y el impacto positivo de la comunicaci\u00f3n y el cumplimiento del C\u00f3digo \u00c9tico de la Asociaci\u00f3n.<\/p>\n<p><strong>La Marca que Mejor Comunica<\/strong><\/p>\n<p>Este premio se lo ha llevado <strong>MAHOU<\/strong> por la adopci\u00f3n de la comunicaci\u00f3n y Relaciones P\u00fablicas en su estrategia anual, el desempe\u00f1o general y contribuci\u00f3n a lo largo del a\u00f1o que la sit\u00faa en un destacado posicionamiento y mejora de imagen reputacional junto a la relaci\u00f3n con los stakeholders que se traducen en una mayor visibilidad. La Junta directiva ha destacado la excelencia en la implementaci\u00f3n y gesti\u00f3n de las campa\u00f1as, la estrategia de relaciones p\u00fablicas llenas de creatividad, innovaci\u00f3n, efectividad y \u00e9tica, adem\u00e1s del compromiso y la implicaci\u00f3n de Mahou en su relaci\u00f3n con las agencias de comunicaci\u00f3n.<\/p>\n<h4 class=\"wp-block-heading\">Premio a la Mejor Campa\u00f1a Internacional.<\/h4>\n<p><strong>La junta directiva de ADC<\/strong> ha propuesto y evaluado diversas campa\u00f1as internacionales desarrolladas fuera del mercado espa\u00f1ol que destacaran por su innovaci\u00f3n, creatividad, impacto social y excelencia en comunicaci\u00f3n. El galard\u00f3n ha reca\u00eddo en:<strong> \u00abDove \u2013 Code My Crown\u00bb<\/strong>, realizada por Edelman, ha sido seleccionada como ganadora del Premio a la Mejor Campa\u00f1a Internacional. El jurado ha valorado especialmente: su profundidad cultural y social, el impacto global del proyecto, su enfoque de advocacy real e inclusivo y la capacidad de generar conversaci\u00f3n significativa m\u00e1s all\u00e1 de los medios tradicionales.<\/p>\n<h4 class=\"wp-block-heading\">Premio a la Comunicaci\u00f3n Ejemplar<\/h4>\n<p>Este galard\u00f3n distingue a la agencia, anunciante o medio  representado en la figura de una persona\u2014 que haya destacado por: su lucha activa contra las fake news y la desinformaci\u00f3n, su compromiso con una comunicaci\u00f3n con prop\u00f3sito, y una trayectoria profesional \u00edntegra, valiente y profundamente vinculada a la verdad informativa.<\/p>\n<p>Tras las votaciones de la junta directiva y las socias de ADC,<strong> Almudena Ariza ha sido elegida ganadora del Premio a la Comunicaci\u00f3n Ejemplar en esta edici\u00f3n. <\/strong>Su labor como corresponsal, su rigor, su valent\u00eda profesional y su defensa constante de un periodismo honesto, contrastado y humanista encarnan a la perfecci\u00f3n el esp\u00edritu del premio.<\/p>\n<h2 class=\"wp-block-heading\"><span class=\"ez-toc-section\" id=\"lista-completa-de-ganadores\"\/>Lista completa de ganadores<span class=\"ez-toc-section-end\"\/><\/h2>\n<p><strong>MEJOR CAMPA\u00d1A DE COMUNICACI\u00d3N INTERNA Y EMPLOYER BRANDING ORO:\u00a0<\/strong><\/p>\n<ul class=\"wp-block-list\">\n<li>ORO: GROW por \u00abEl conflictorio\u00bb\u2013 ITP AERO<\/li>\n<li>BRONCE: Agencia Sensei + Creaktivamente por \u00abThe Fermax Symphony\u00bb \u2013 Fermax<\/li>\n<\/ul>\n<p><strong>MEJOR CAMPA\u00d1A LOBBY&amp;PUBLIC AFFAIRS<\/strong><\/p>\n<ul class=\"wp-block-list\">\n<li>ORO: AcentoenlaC\u00e9 y Ping\u00fcino Torreblanca por \u00abLeucemia Vete Ya\u00bb \u2013 Unoentrecienmil<\/li>\n<li>PLATA: AcentoenlaC\u00e9 y Darwin &amp; Verne por \u00abEco-il\u00f3gico\u00bb \u2013 SEO Birdlife<\/li>\n<\/ul>\n<p><strong>MEJOR CAMPA\u00d1A DE COMUNICACI\u00d3N CORPORATIVA Y DE REPUTACI\u00d3N DE MARCA<\/strong><\/p>\n<ul class=\"wp-block-list\">\n<li>ORO: AcentoenlaC\u00e9 \/ CYW por \u00abEl Complemento Perfecto\u00bb \u2013 Aceites de Oliva de Espa\u00f1a<\/li>\n<li>PLATA: Innocean Spain por \u00abK\u00e9tchup con tilde\u00bb \u2013 Dulces y Conservas Helios \/ Helios<\/li>\n<li>BRONCE: Burson por \u00abDe Cepsa a Moeve\u00bb \u2013 Moeve<\/li>\n<\/ul>\n<p><strong>MEJOR CAMPA\u00d1A DE COMUNICACI\u00d3N DE PRODUCTO\/SERVICIO DIRIGIDA AL CONSUMIDOR FINAL<\/strong><\/p>\n<ul class=\"wp-block-list\">\n<li>ORO: AcentoenlaC\u00e9 \/ CYW por \u00abEl Complemento Perfecto\u00bb\u2013 Aceites de Oliva de Espa\u00f1a<\/li>\n<li>ORO: AcentoenlaC\u00e9 por \u00ab\u00bfSer\u00e1 el colch\u00f3n? \u00bfO ser\u00e1s t\u00fa?\u00bb \u2013 Pikolin<\/li>\n<li>PLATA: CHINA, Havas PR y Kitchen por \u00abSoseg\u00e1, el palo sin prisa\u00bb \u2013 Cervezas Alhambra<\/li>\n<li>BRONCE: Innocean Spain por \u00abK\u00e9tchup con tilde\u00bb \u2013 Dulces y Conservas Helios \/ Helios<\/li>\n<\/ul>\n<p><strong>MEJOR GESTI\u00d3N DE CRISIS\u00a0<\/strong><\/p>\n<ul class=\"wp-block-list\">\n<li>El jurado ha decidido que esta categor\u00eda queda desierta.<\/li>\n<\/ul>\n<p><strong>MEJOR CAMPA\u00d1A DE BRANDED CONTENT<\/strong><\/p>\n<ul class=\"wp-block-list\">\n<li>ORO: SOMOS Experiences por \u00abCeraVe La Velada del A\u00f1o V\u00bb \u2013 CeraVe \/ L\u2019Or\u00e9al<\/li>\n<li>PLATA: Innocean Spain por \u00abParche al espacio\u00bb \u2013 Hyundai Motor Espa\u00f1a<\/li>\n<li>BRONCE: Havas Play, Havas PR, Movistar Arena y El Terrat por \u00abLa Sala Comedia by Domino\u2019s\u00bb- Alsea\/ Domino\u2019s<\/li>\n<\/ul>\n<p><strong>MEJOR CAMPA\u00d1A DE INFLUENCER MARKETING<\/strong><\/p>\n<ul class=\"wp-block-list\">\n<li>ORO: Samy por \u00abEl Duo Perfecto de L\u2019Or\u00e9al Par\u00eds\u00bb \u2013 Grupo L\u2019Or\u00e9al \/ L\u2019Or\u00e9al Par\u00eds<\/li>\n<li>BRONCE: Accenture Song por \u00abCata Wappa\u00bb \u2013 BBVA<\/li>\n<li>BRONCE: Havas Play y Havas Internacional por \u00abPiensa en un helado\u00bb \u2013 Unilever\/Frigo<\/li>\n<\/ul>\n<p><strong>MEJOR CAMPA\u00d1A DE REDES SOCIALES<\/strong><\/p>\n<ul class=\"wp-block-list\">\n<li>ORO: Edelman Spain por \u00abBan this profile\u00bb \u2013 Ampara<\/li>\n<li>PLATA: Alsea \/ Domino\u00b4s Pizza. Domino\u2019s Pizza por \u00abDomino\u2019s Rescue Slice\u00bb<\/li>\n<li>PLATA: Innocean Spain por \u00abRave en la M30\u00bb \u2013 KIA Espa\u00f1a \/ KIA<\/li>\n<\/ul>\n<p><strong>MEJOR EVENTO<\/strong><\/p>\n<ul class=\"wp-block-list\">\n<li>ORO: SOMOS Experiences por \u00ab10 Aniversario \u2013 Netflix\u00bb \u2013 Netflix Espa\u00f1a\/Netflix<\/li>\n<li>PLATA: Havas Play, Havas PR y Lady Brava por \u00abDomino\u2019s Tribute\u00bb \u2013 Alsea \/ Domino\u2019s Pizza<\/li>\n<li>BRONCE: Ogilvy Espa\u00f1a por \u00abThe White Lotus Spain\u00bb \u2013 HBO Max Espa\u00f1a<\/li>\n<\/ul>\n<p><strong>MEJOR CAMPA\u00d1A DE COMUNICACI\u00d3N ESG<\/strong><\/p>\n<ul class=\"wp-block-list\">\n<li>ORO: Edelman Spain por \u00abBan this profile\u00bb- Ampara<\/li>\n<li>PLATA: Havas Creative por \u00abMarino Uriel\u00bb \u2013 Atl\u00e9tico de Madrid<\/li>\n<li>PLATA: Accenture Song por \u00abCambiando una palabra\u00bb\u2013 Save the Children<\/li>\n<li>BRONCE: Archetype \/ Nota Bene \/ Cheil por \u00abThe Mind Guardian, cuidando de cada mente, cuidando de cada recuerdo\u00bb \u2013 Samsung<\/li>\n<\/ul>\n<p><strong>MEJOR USO DEL RESEARCH<\/strong><\/p>\n<ul class=\"wp-block-list\">\n<li>ORO: Evercom por \u00abCARmela, el coche 100% para mujeres\u00bb \u2013 Midas<\/li>\n<li>PLATA: Asesores por \u00abContra las fake news, informaci\u00f3n\u00bb \u2013 Asesores<\/li>\n<\/ul>\n<p><strong>MEJOR EXPLOTACI\u00d3N &amp; AMPLIFICACI\u00d3N DE PATROCINIO<\/strong><\/p>\n<ul class=\"wp-block-list\">\n<li>PLATA: Hyundai e Innocean Spain por \u00abTipograf\u00eda N\u00bb \u2013 Hyundai Motor Espa\u00f1a<\/li>\n<li>PLATA: Ideas Desde Cero por \u00abDesfile Guinness St. Patrick\u2019s 2025\u2033\u2013 Vueling<\/li>\n<li>BRONCE: Ogilvy, Havas y Spodeal por \u00abAitana Bonmat\u00ed x Vueling\u00bb \u2013 Vueling<\/li>\n<\/ul>\n<p><strong>GRAN PREMIO<\/strong><\/p>\n<ul class=\"wp-block-list\">\n<li>AcentoenlaC\u00e9 y CYW por \u00abEl complemento perfecto\u00bb para Aceites de Oliva de Espa\u00f1a.<\/li>\n<\/ul>\n<p><strong>AGENCIA DEL A\u00d1O<\/strong><\/p>\n<p><strong>PREMIO ESPECIAL A LA MARCA QUE MEJOR COMUNICA<\/strong><\/p>\n<p><strong>PREMIO ESPECIAL A LA MEJOR CAMPA\u00d1A INTERNACIONAL<\/strong><\/p>\n<ul class=\"wp-block-list\">\n<li>Dove \u2013 \u00abCode My Crown\u00bb, realizada por Edelman<\/li>\n<\/ul>\n<p><strong>PREMIO ESPECIAL A LA COMUNICACI\u00d3N EJEMPLAR<\/strong><\/p>\n<\/div>\n\n<br \/><a href=\"https:\/\/www.marketingdirecto.com\/marketing-general\/eventos-y-formacion\/la-magia-pr-brilla-premios-win-2025-descubre-todos-ganadores-ii-edicion\" target=\"_blank\" rel=\"noopener\">Source link <\/a><\/p>\n","protected":false},"excerpt":{"rendered":"<p>AcentoenlaC\u00e9, Mahou y Edelman brillan en los Premios W!N 2025, reconociendo campa\u00f1as que inspiran, transforman y conectan. La II edici\u00f3n de los Premios W!N, una iniciativa impulsada por ADC, la Asociaci\u00f3n de Consultoras de Comunicaci\u00f3n, reuni\u00f3 a unos 240 representantes de agencias, consultoras, empresas, instituciones y medios de comunicaci\u00f3n en la cena de gala y [&#8230;]\n","protected":false},"author":1,"featured_media":6166,"comment_status":"open","ping_status":"closed","sticky":false,"template":"","format":"standard","meta":{"footnotes":""},"categories":[8],"tags":[243,356,1287,12,285,90,75],"class_list":["post-6165","post","type-post","status-publish","format-standard","has-post-thumbnail","hentry","category-diseno-web","tag-agencia-de-diseno-web","tag-agencia-de-redes-sociales","tag-agencia-seo","tag-diseno-web","tag-manejo-de-redes-sociales","tag-posicionamiento-web","tag-seo"],"_links":{"self":[{"href":"https:\/\/disenodepagina.com\/disenoweb\/wp-json\/wp\/v2\/posts\/6165","targetHints":{"allow":["GET"]}}],"collection":[{"href":"https:\/\/disenodepagina.com\/disenoweb\/wp-json\/wp\/v2\/posts"}],"about":[{"href":"https:\/\/disenodepagina.com\/disenoweb\/wp-json\/wp\/v2\/types\/post"}],"author":[{"embeddable":true,"href":"https:\/\/disenodepagina.com\/disenoweb\/wp-json\/wp\/v2\/users\/1"}],"replies":[{"embeddable":true,"href":"https:\/\/disenodepagina.com\/disenoweb\/wp-json\/wp\/v2\/comments?post=6165"}],"version-history":[{"count":0,"href":"https:\/\/disenodepagina.com\/disenoweb\/wp-json\/wp\/v2\/posts\/6165\/revisions"}],"wp:featuredmedia":[{"embeddable":true,"href":"https:\/\/disenodepagina.com\/disenoweb\/wp-json\/wp\/v2\/media\/6166"}],"wp:attachment":[{"href":"https:\/\/disenodepagina.com\/disenoweb\/wp-json\/wp\/v2\/media?parent=6165"}],"wp:term":[{"taxonomy":"category","embeddable":true,"href":"https:\/\/disenodepagina.com\/disenoweb\/wp-json\/wp\/v2\/categories?post=6165"},{"taxonomy":"post_tag","embeddable":true,"href":"https:\/\/disenodepagina.com\/disenoweb\/wp-json\/wp\/v2\/tags?post=6165"}],"curies":[{"name":"wp","href":"https:\/\/api.w.org\/{rel}","templated":true}]}}