{"id":6163,"date":"2025-11-26T04:34:07","date_gmt":"2025-11-26T04:34:07","guid":{"rendered":"https:\/\/disenodepagina.com\/disenoweb\/adobe-creative-trends-2025-impulsa-la-creatividad-con-ia\/"},"modified":"2025-11-26T04:34:07","modified_gmt":"2025-11-26T04:34:07","slug":"adobe-creative-trends-2025-impulsa-la-creatividad-con-ia","status":"publish","type":"post","link":"https:\/\/disenodepagina.com\/disenoweb\/adobe-creative-trends-2025-impulsa-la-creatividad-con-ia\/","title":{"rendered":"Adobe Creative Trends 2025 impulsa la creatividad con IA"},"content":{"rendered":"<p> \n<\/p>\n<p>Adobe Creative Trends 2025 muestra c\u00f3mo la IA est\u00e1 revolucionando el dise\u00f1o, la creatividad y los flujos de trabajo en Am\u00e9rica Latina.<\/p>\n<div>\n<p><strong>Adobe <\/strong>por tercera ocasi\u00f3n presenta la conferencia de creatividad m\u00e1s importante de Am\u00e9rica Latina, <strong>Adobe Creative Trends<\/strong>, un evento que dar\u00e1 a conocer las tendencias que est\u00e1n transformando el mundo creativo y las innovaciones m\u00e1s recientes que Adobe tiene al momento. En esta edici\u00f3n, la compa\u00f1\u00eda demostrar\u00e1 c\u00f3mo la <strong>inteligencia artificial est\u00e1 redefiniendo la manera en que dise\u00f1adores, creadores y equipos de Marketing, Dise\u00f1o, Producci\u00f3n y Edici\u00f3n producen contenido<\/strong> de forma m\u00e1s r\u00e1pida, eficiente y creativa.<\/p>\n<p>Algunos de los temas que se ver\u00e1n en este evento ya fueron presentados en <strong><a href=\"https:\/\/www.marketingdirecto.com\/digital-general\/digital\/adobe-max-2024-firefly-frame-io-photoshop-novedades\" target=\"_blank\" rel=\"noreferrer noopener\">Adobe MAX<\/a><\/strong>, realizado del 28 al 30 de octubre en Los \u00c1ngeles, y reflejan las \u00faltimas tendencias de la compa\u00f1\u00eda para potenciar la creatividad y optimizar los flujos de trabajo.<\/p>\n<h2 class=\"wp-block-heading\">Innovaciones de Adobe Creative Cloud impulsadas por IA<\/h2>\n<p>En Adobe Creative Trends se mostrar\u00e1n las <strong>actualizaciones m\u00e1s recientes de Adobe Creative Cloud<\/strong>, que incluyen nuevas funciones impulsadas por IA, con especial \u00e9nfasis en <strong>Adobe Firefly<\/strong>, soluci\u00f3n dise\u00f1ada para potenciar los procesos creativos con mayor precisi\u00f3n y eficiencia. Estas innovaciones permiten <strong>ejecutar tareas complejas en menos tiempo, simplificar flujos de trabajo y fomentar la experimentaci\u00f3n visual en fotograf\u00eda, dise\u00f1o, ilustraci\u00f3n y video.<\/strong><\/p>\n<p><a href=\"https:\/\/www.marketingdirecto.com\/anunciantes-general\/adobe-firefly-revoluciona-ideacion-creativa-nueva-aplicacion-movil\" target=\"_blank\" rel=\"noreferrer noopener\">Adobe Firefly<\/a> se integra de manera m\u00e1s profunda en aplicaciones como <strong>Photoshop, Illustrator y Premiere Pro<\/strong>, facilitando ajustes avanzados, generaci\u00f3n de contenido y automatizaci\u00f3n de procesos que antes requer\u00edan m\u00faltiples pasos manuales. Adem\u00e1s, <strong>Adobe Acrobat Studio<\/strong> utiliza IA para analizar documentos, generar res\u00famenes y ofrecer herramientas inteligentes a equipos que gestionan grandes vol\u00famenes de informaci\u00f3n.<\/p>\n<p>Las actualizaciones de <strong>Adobe Express<\/strong> permiten a equipos creativos y no creativos producir contenido de forma \u00e1gil, manteniendo coherencia visual y acelerando la creaci\u00f3n de piezas clave dentro de las organizaciones.<\/p>\n<p>Entre los ponentes m\u00e1s relevantes se encuentran:<\/p>\n<ul class=\"wp-block-list\">\n<li><strong>Russell Preston Brown<\/strong>, Senior Principal Designer y referente mundial en Photoshop e Illustrator<\/li>\n<li><strong>Jes\u00fas Ram\u00edrez<\/strong>, Adobe Community Expert y fundador de Photoshop Training Channel<\/li>\n<li><strong>Gustavo Brunser<\/strong>, Director de Strategic Business Development para Latinoam\u00e9rica<\/li>\n<li><strong>Rafael Hidalgo y Ter\u00e1n<\/strong>, Expert Solution Consultant Creative Cloud para Latinoam\u00e9rica<\/li>\n<li><strong>Antonio Perches<\/strong>, Senior Solution Consultant Document Cloud para Latinoam\u00e9rica<\/li>\n<\/ul>\n<h3 class=\"wp-block-heading\">Transmisi\u00f3n en vivo de Adobe Creative Trends 2025<\/h3>\n<p>El pr\u00f3ximo 4 de diciembre, se celebrar\u00e1 el \u00abAdobe Creative Trends 2025\u00bb, un encuentro donde la innovaci\u00f3n, el talento y la tecnolog\u00eda se conectan para impulsar tu creatividad donde speakers internacionales y referentes de la comunidad creativa compartir\u00e1n su visi\u00f3n de la industria.<\/p>\n<p>Con esta edici\u00f3n, <strong>Adobe reafirma su liderazgo en impulsar la innovaci\u00f3n creativa y en desarrollar tecnolog\u00edas<\/strong> que permitan a profesionales y empresas adaptarse a un entorno donde la creaci\u00f3n de contenido debe ser m\u00e1s r\u00e1pida, colaborativa y estrat\u00e9gica que nunca. <strong>El evento tambi\u00e9n contar\u00e1 con transmisi\u00f3n en vivo para quienes prefieran seguir las conferencias de manera virtual.<\/strong><\/p>\n<p>\u00abPara Adobe, M\u00e9xico es un mercado clave y conocemos las necesidades de las empresas en el pa\u00eds. Por tercer a\u00f1o consecutivo, realizamos Adobe Creative Trends<strong>, una oportunidad para mostrar c\u00f3mo la creatividad se potencia con la inteligencia artificial.<\/strong> Las soluciones que presentamos est\u00e1n dise\u00f1adas para apoyar a los colaboradores en su labor creativa, ayud\u00e1ndolos a trabajar con mayor agilidad, precisi\u00f3n y libertad, al mismo tiempo que benefician a las empresas al optimizar procesos, aumentar la productividad y acelerar la generaci\u00f3n de contenido. La IA generativa no sustituye el talento creativo; lo potencia, lo expande y abre posibilidades que antes parec\u00edan inalcanzables. En Adobe estamos comprometidos en llevar ese talento a nuevas fronteras\u00bb,<strong> se\u00f1al\u00f3 Fabio Sambugaro<\/strong>, Sr. Director, LATAM Digital Media de Adobe.<\/p>\n<p>Para acceder al streaming se debe registrar <strong><a href=\"https:\/\/adobecreativetrends.com\/mx_streaming\/?utm_source=a-arciga\" target=\"_blank\" rel=\"noreferrer noopener nofollow\">aqu\u00ed<\/a><\/strong>.<\/p>\n<\/div>\n\n<br \/><a href=\"https:\/\/www.marketingdirecto.com\/anunciantes-general\/adobe-creative-trends-muestra-como-creatividad-ia-potencian-talento-productividad\" target=\"_blank\" rel=\"noopener\">Source link <\/a><\/p>\n","protected":false},"excerpt":{"rendered":"<p>Adobe Creative Trends 2025 muestra c\u00f3mo la IA est\u00e1 revolucionando el dise\u00f1o, la creatividad y los flujos de trabajo en Am\u00e9rica Latina. Adobe por tercera ocasi\u00f3n presenta la conferencia de creatividad m\u00e1s importante de Am\u00e9rica Latina, Adobe Creative Trends, un evento que dar\u00e1 a conocer las tendencias que est\u00e1n transformando el mundo creativo y las [&#8230;]\n","protected":false},"author":1,"featured_media":6164,"comment_status":"open","ping_status":"closed","sticky":false,"template":"","format":"standard","meta":{"footnotes":""},"categories":[8],"tags":[243,356,1287,12,285,90,75],"class_list":["post-6163","post","type-post","status-publish","format-standard","has-post-thumbnail","hentry","category-diseno-web","tag-agencia-de-diseno-web","tag-agencia-de-redes-sociales","tag-agencia-seo","tag-diseno-web","tag-manejo-de-redes-sociales","tag-posicionamiento-web","tag-seo"],"_links":{"self":[{"href":"https:\/\/disenodepagina.com\/disenoweb\/wp-json\/wp\/v2\/posts\/6163","targetHints":{"allow":["GET"]}}],"collection":[{"href":"https:\/\/disenodepagina.com\/disenoweb\/wp-json\/wp\/v2\/posts"}],"about":[{"href":"https:\/\/disenodepagina.com\/disenoweb\/wp-json\/wp\/v2\/types\/post"}],"author":[{"embeddable":true,"href":"https:\/\/disenodepagina.com\/disenoweb\/wp-json\/wp\/v2\/users\/1"}],"replies":[{"embeddable":true,"href":"https:\/\/disenodepagina.com\/disenoweb\/wp-json\/wp\/v2\/comments?post=6163"}],"version-history":[{"count":0,"href":"https:\/\/disenodepagina.com\/disenoweb\/wp-json\/wp\/v2\/posts\/6163\/revisions"}],"wp:featuredmedia":[{"embeddable":true,"href":"https:\/\/disenodepagina.com\/disenoweb\/wp-json\/wp\/v2\/media\/6164"}],"wp:attachment":[{"href":"https:\/\/disenodepagina.com\/disenoweb\/wp-json\/wp\/v2\/media?parent=6163"}],"wp:term":[{"taxonomy":"category","embeddable":true,"href":"https:\/\/disenodepagina.com\/disenoweb\/wp-json\/wp\/v2\/categories?post=6163"},{"taxonomy":"post_tag","embeddable":true,"href":"https:\/\/disenodepagina.com\/disenoweb\/wp-json\/wp\/v2\/tags?post=6163"}],"curies":[{"name":"wp","href":"https:\/\/api.w.org\/{rel}","templated":true}]}}