{"id":5956,"date":"2025-09-05T01:03:28","date_gmt":"2025-09-05T01:03:28","guid":{"rendered":"https:\/\/disenodepagina.com\/disenoweb\/giorgio-armani-el-magnate-de-la-moda-fallece-a-los-91-anos\/"},"modified":"2025-09-05T01:03:28","modified_gmt":"2025-09-05T01:03:28","slug":"giorgio-armani-el-magnate-de-la-moda-fallece-a-los-91-anos","status":"publish","type":"post","link":"https:\/\/disenodepagina.com\/disenoweb\/giorgio-armani-el-magnate-de-la-moda-fallece-a-los-91-anos\/","title":{"rendered":"Giorgio Armani, el magnate de la moda, fallece a los 91 a\u00f1os"},"content":{"rendered":"<p> \n<\/p>\n<p>Giorgio Armani, dise\u00f1ador italiano y creador de un gran imperio de la moda, deja un gran legado de la moda y fallece a los 91 a\u00f1os.<\/p>\n<div>\n<p>Hoy es un d\u00eda triste para el sector de la moda: <strong>ha muerto el legendario dise\u00f1ador italiano Giorgio Armani<\/strong>, a los <strong>91 a\u00f1os<\/strong>. Considerado uno de los grandes maestros de la industria, Armani <strong>conquist\u00f3 las alfombras rojas de Hollywood<\/strong> y construy\u00f3 un imperio gigante que defini\u00f3 la <a href=\"https:\/\/www.marketingdirecto.com\/temas\/moda\" target=\"_blank\" rel=\"noreferrer noopener\">moda italiana<\/a> en el mundo.<\/p>\n<p>La compa\u00f1\u00eda lo ha anunciado hoy en sus redes sociales: \u00abGiorgio Armani siempre ha hecho de la independencia, el pensamiento y la acci\u00f3n su sello distintivo<strong>. La empresa es un reflejo, hoy y siempre, de este sentimiento. <\/strong>La familia y los empleados llevar\u00e1n adelante el Grupo respetando y continuando con estos valores\u00bb.<\/p>\n<p>El dise\u00f1ador fue pionero en dar a conocer el<strong> pr\u00eat-\u00e0-porter italiano<\/strong>, redefiniendo el traje masculino en los a\u00f1os setenta y adaptando esa est\u00e9tica a la moda femenina en los a\u00f1os ochenta.<\/p>\n<blockquote class=\"instagram-media\" data-instgrm-captioned=\"\" data-instgrm-permalink=\"https:\/\/www.instagram.com\/p\/DOLpsGcDEcY\/?utm_source=ig_embed&amp;utm_campaign=loading\" data-instgrm-version=\"14\" style=\" background:#FFF; border:0; border-radius:3px; box-shadow:0 0 1px 0 rgba(0,0,0,0.5),0 1px 10px 0 rgba(0,0,0,0.15); margin: 1px; max-width:540px; min-width:326px; padding:0; width:99.375%; width:-webkit-calc(100% - 2px); width:calc(100% - 2px);\"\/>\n<p>Si no visualiza correctamente el contenido embedded, haz clic <a href=\"https:\/\/www.instagram.com\/p\/DOLpsGcDEcY\/?utm_source=ig_web_copy_link&amp;igsh=MzRlODBiNWFlZA==\" target=\"_blank\" rel=\"noreferrer noopener nofollow\">aqu\u00ed<\/a>.<\/p>\n<h3 class=\"wp-block-heading\">Una despedida al mism\u00edsimo \u00abIl Signor Armani\u00bb<\/h3>\n<p>El Grupo Armani confirm\u00f3 su fallecimiento con un <a href=\"https:\/\/www.instagram.com\/giorgioarmani\/\" target=\"_blank\" rel=\"noreferrer noopener nofollow\">emotivo mensaje<\/a>: <strong>\u00abEl se\u00f1or Armani, como siempre lo llamaban con respeto y admiraci\u00f3n sus empleados y colaboradores<\/strong>, falleci\u00f3 en paz, rodeado de sus seres queridos\u00bb.<\/p>\n<p>Su alrededor lo describi\u00f3 como <strong>\u00abun motor incansable\u00bb<\/strong>, capaz de llevar la moda a otro nivel y expandir su marca m\u00e1s all\u00e1 de la ropa, hac\u00eda perfumes, mobiliario, hosteler\u00eda y mucho m\u00e1s.<\/p>\n<p>Actualmente, seg\u00fan Forbes, registr\u00f3 en abril de 2024 una fortuna que alcanzaba a los <strong>11.200 millones de d\u00f3lares<\/strong>. Desde 2008, adem\u00e1s, era presidente y propietario del club de baloncesto <strong>EA7 Emporio Armani Olimpia Milano.<\/strong><\/p>\n<h3 class=\"wp-block-heading\">El sector de la moda est\u00e1 de luto<\/h3>\n<p>El legendario Armani ya no se dej\u00f3 ver en junio de 2025, concretamente, en el desfile de su marca durante la <strong>Semana de la Moda Masculina de Mil\u00e1n<\/strong>. La empresa explic\u00f3 que se encontraba \u00abrecuper\u00e1ndose en casa\u00bb. Desde entonces crecieron las dudas sobre su estado de salud, hoy finalmente confirmadas.<\/p>\n<p><strong>Armani visti\u00f3 a muchas estrellas de Hollywood<\/strong>, fue muy querido en el sector y cre\u00f3 colecciones que llenaron desfiles y marcaron la historia de la moda con su elegancia y sobriedad.<\/p>\n<p>Al dise\u00f1ador lo apodaban en Italia como <strong>\u00abRe Giorgio\u00bb<\/strong> y ahora deja un legado inmenso que continuar\u00e1 en manos de su sobrina <strong>Roberta Armani<\/strong>, su mano derecha en la gesti\u00f3n del grupo. Aunque deleg\u00f3, nunca se apart\u00f3 de su lado y del sector de la moda.<\/p>\n<\/div>\n<p><script async src=\"\/\/www.instagram.com\/embed.js\"><\/script><br \/>\n\n<br \/><a href=\"https:\/\/www.marketingdirecto.com\/actualidad\/giorgio-armani-muere-leyenda-moda-simbolo-elegancia-italiana\" target=\"_blank\" rel=\"noopener\">Source link <\/a><\/p>\n","protected":false},"excerpt":{"rendered":"<p>Giorgio Armani, dise\u00f1ador italiano y creador de un gran imperio de la moda, deja un gran legado de la moda y fallece a los 91 a\u00f1os. Hoy es un d\u00eda triste para el sector de la moda: ha muerto el legendario dise\u00f1ador italiano Giorgio Armani, a los 91 a\u00f1os. Considerado uno de los grandes maestros [&#8230;]\n","protected":false},"author":1,"featured_media":5957,"comment_status":"open","ping_status":"closed","sticky":false,"template":"","format":"standard","meta":{"footnotes":""},"categories":[8],"tags":[243,356,1287,12,285,90,75],"class_list":["post-5956","post","type-post","status-publish","format-standard","has-post-thumbnail","hentry","category-diseno-web","tag-agencia-de-diseno-web","tag-agencia-de-redes-sociales","tag-agencia-seo","tag-diseno-web","tag-manejo-de-redes-sociales","tag-posicionamiento-web","tag-seo"],"_links":{"self":[{"href":"https:\/\/disenodepagina.com\/disenoweb\/wp-json\/wp\/v2\/posts\/5956","targetHints":{"allow":["GET"]}}],"collection":[{"href":"https:\/\/disenodepagina.com\/disenoweb\/wp-json\/wp\/v2\/posts"}],"about":[{"href":"https:\/\/disenodepagina.com\/disenoweb\/wp-json\/wp\/v2\/types\/post"}],"author":[{"embeddable":true,"href":"https:\/\/disenodepagina.com\/disenoweb\/wp-json\/wp\/v2\/users\/1"}],"replies":[{"embeddable":true,"href":"https:\/\/disenodepagina.com\/disenoweb\/wp-json\/wp\/v2\/comments?post=5956"}],"version-history":[{"count":0,"href":"https:\/\/disenodepagina.com\/disenoweb\/wp-json\/wp\/v2\/posts\/5956\/revisions"}],"wp:featuredmedia":[{"embeddable":true,"href":"https:\/\/disenodepagina.com\/disenoweb\/wp-json\/wp\/v2\/media\/5957"}],"wp:attachment":[{"href":"https:\/\/disenodepagina.com\/disenoweb\/wp-json\/wp\/v2\/media?parent=5956"}],"wp:term":[{"taxonomy":"category","embeddable":true,"href":"https:\/\/disenodepagina.com\/disenoweb\/wp-json\/wp\/v2\/categories?post=5956"},{"taxonomy":"post_tag","embeddable":true,"href":"https:\/\/disenodepagina.com\/disenoweb\/wp-json\/wp\/v2\/tags?post=5956"}],"curies":[{"name":"wp","href":"https:\/\/api.w.org\/{rel}","templated":true}]}}