{"id":5911,"date":"2025-08-14T00:01:20","date_gmt":"2025-08-14T00:01:20","guid":{"rendered":"https:\/\/disenodepagina.com\/disenoweb\/juvencio-maeztu-es-el-nuevo-ceo-y-presidente-mundial-de-ikea\/"},"modified":"2025-08-14T00:01:20","modified_gmt":"2025-08-14T00:01:20","slug":"juvencio-maeztu-es-el-nuevo-ceo-y-presidente-mundial-de-ikea","status":"publish","type":"post","link":"https:\/\/disenodepagina.com\/disenoweb\/juvencio-maeztu-es-el-nuevo-ceo-y-presidente-mundial-de-ikea\/","title":{"rendered":"Juvencio Maeztu es el nuevo CEO y presidente mundial de IKEA"},"content":{"rendered":"<p> \n<\/p>\n<p>Juvencio Maeztu, hasta ahora CEO adjunto de IKEA, tomar\u00e1 el relevo de Jesper Brodin, que deja el cargo tras ocho a\u00f1os al frente y tres d\u00e9cadas de trayectoria en la empresa para emprender nuevos proyectos profesionales.<\/p>\n<div>\n<p><strong>El ejecutivo espa\u00f1ol Juvencio Maeztu ha sido nombrado nuevo CEO y presidente global de Ingka Group, la matriz de <a href=\"https:\/\/www.marketingdirecto.com\/temas\/ikea\" target=\"_blank\" rel=\"noreferrer noopener\">IKEA<\/a>.<\/strong> El nombramiento de Maeztu constituye todo un hito, pues el primer directivo no sueco en ocupar esta posici\u00f3n, seg\u00fan anunci\u00f3 la compa\u00f1\u00eda este mi\u00e9rcoles.<\/p>\n<p>Ingka Group, responsable de gestionar las franquicias de IKEA en 31 pa\u00edses y de generar cerca del 90 % de las ventas de la multinacional, ha confirmado que <strong>Maeztu, hasta ahora CEO adjunto, tomar\u00e1 el relevo de Jesper Brodin<\/strong>, que deja el cargo tras ocho a\u00f1os al frente y tres d\u00e9cadas de trayectoria en la empresa para emprender nuevos proyectos profesionales.<\/p>\n<p><strong>Maeztu inici\u00f3 su carrera en IKEA a comienzos de los a\u00f1os 2000 como director de tienda en Espa\u00f1a<\/strong>. Y en los \u00faltimos 25 a\u00f1os ha desempe\u00f1ado m\u00faltiples funciones dentro de la compa\u00f1\u00eda sueca.<\/p>\n<p>Lars-Johan Jarnheimer, presidente del Consejo de Supervisi\u00f3n de Ingka Holding B.V., ha destacado que la extensa experiencia de Maeztu en IKEA y en el ramo del retail lo convierten en <strong>un l\u00edder perfectamente preparado para afrontar los desaf\u00edos y las oportunidades que se presenten a la multinacional escandinava en los a\u00f1os venideros.<\/strong><\/p>\n<p><strong>El nuevo CEO y presidente<\/strong>, que ha reiterado su compromiso con la asequibilidad y los precios bajos que han caracterizado siempre a IKEA,<strong> asumir\u00e1 oficialmente el cargo el pr\u00f3ximo 5 de noviembre<\/strong>. Por su parte, Jesper Brodin continuar\u00e1 en la organizaci\u00f3n hasta finales de febrero de 2026, momento en el que pasar\u00e1 a ser asesor senior de la Fundaci\u00f3n IKEA.<\/p>\n<p>\u00abEstoy muy emocionado e ilusionado por el futuro de IKEA. La profundidad de nuestra visi\u00f3n y nuestro compromiso con la asequibilidad y el bajo precio suponen mucho m\u00e1s que una idea de negocio: es nuestra responsabilidad con la mayor\u00eda de las personas. <strong>Tenemos la oportunidad de amplificar la esencia de IKEA y desempe\u00f1ar un papel a\u00fan m\u00e1s importante alrededor de la vida en el hogar en todo el mundo<\/strong>\u00ab, se\u00f1ala Juvencio Maeztu, el pr\u00f3ximo CEO de Ingka Group.<\/p>\n<\/div>\n\n<br \/><a href=\"https:\/\/www.marketingdirecto.com\/marketing-general\/gente\/juvencio-maeztu-es-ceo-presidente-mundial-ikea\" target=\"_blank\" rel=\"noopener\">Source link <\/a><\/p>\n","protected":false},"excerpt":{"rendered":"<p>Juvencio Maeztu, hasta ahora CEO adjunto de IKEA, tomar\u00e1 el relevo de Jesper Brodin, que deja el cargo tras ocho a\u00f1os al frente y tres d\u00e9cadas de trayectoria en la empresa para emprender nuevos proyectos profesionales. El ejecutivo espa\u00f1ol Juvencio Maeztu ha sido nombrado nuevo CEO y presidente global de Ingka Group, la matriz de [&#8230;]\n","protected":false},"author":1,"featured_media":5912,"comment_status":"open","ping_status":"closed","sticky":false,"template":"","format":"standard","meta":{"footnotes":""},"categories":[8],"tags":[243,356,1287,12,285,90,75],"class_list":["post-5911","post","type-post","status-publish","format-standard","has-post-thumbnail","hentry","category-diseno-web","tag-agencia-de-diseno-web","tag-agencia-de-redes-sociales","tag-agencia-seo","tag-diseno-web","tag-manejo-de-redes-sociales","tag-posicionamiento-web","tag-seo"],"_links":{"self":[{"href":"https:\/\/disenodepagina.com\/disenoweb\/wp-json\/wp\/v2\/posts\/5911","targetHints":{"allow":["GET"]}}],"collection":[{"href":"https:\/\/disenodepagina.com\/disenoweb\/wp-json\/wp\/v2\/posts"}],"about":[{"href":"https:\/\/disenodepagina.com\/disenoweb\/wp-json\/wp\/v2\/types\/post"}],"author":[{"embeddable":true,"href":"https:\/\/disenodepagina.com\/disenoweb\/wp-json\/wp\/v2\/users\/1"}],"replies":[{"embeddable":true,"href":"https:\/\/disenodepagina.com\/disenoweb\/wp-json\/wp\/v2\/comments?post=5911"}],"version-history":[{"count":0,"href":"https:\/\/disenodepagina.com\/disenoweb\/wp-json\/wp\/v2\/posts\/5911\/revisions"}],"wp:featuredmedia":[{"embeddable":true,"href":"https:\/\/disenodepagina.com\/disenoweb\/wp-json\/wp\/v2\/media\/5912"}],"wp:attachment":[{"href":"https:\/\/disenodepagina.com\/disenoweb\/wp-json\/wp\/v2\/media?parent=5911"}],"wp:term":[{"taxonomy":"category","embeddable":true,"href":"https:\/\/disenodepagina.com\/disenoweb\/wp-json\/wp\/v2\/categories?post=5911"},{"taxonomy":"post_tag","embeddable":true,"href":"https:\/\/disenodepagina.com\/disenoweb\/wp-json\/wp\/v2\/tags?post=5911"}],"curies":[{"name":"wp","href":"https:\/\/api.w.org\/{rel}","templated":true}]}}