{"id":5881,"date":"2025-07-29T22:31:58","date_gmt":"2025-07-29T22:31:58","guid":{"rendered":"https:\/\/disenodepagina.com\/disenoweb\/asi-es-la-nueva-campana-de-verano-de-alvalle\/"},"modified":"2025-07-29T22:31:58","modified_gmt":"2025-07-29T22:31:58","slug":"asi-es-la-nueva-campana-de-verano-de-alvalle","status":"publish","type":"post","link":"https:\/\/disenodepagina.com\/disenoweb\/asi-es-la-nueva-campana-de-verano-de-alvalle\/","title":{"rendered":"As\u00ed es la nueva campa\u00f1a de verano de Alvalle"},"content":{"rendered":"<p> \n<\/p>\n<p>La marca materializa su prop\u00f3sito a trav\u00e9s de su campa\u00f1a, que posiciona el valor del respeto como ingrediente principal de sus recetas, desde la elecci\u00f3n de sus ingredientes hasta la relaci\u00f3n con los agricultores.<\/p>\n<div>\n<p><strong><a href=\"https:\/\/www.alvalle.com\/es\" target=\"_blank\" rel=\"noreferrer noopener nofollow\">Alvalle\u00ae<\/a><\/strong>, la marca l\u00edder en la categor\u00eda de gazpachos refrigerados de marca en Espa\u00f1a, materializa su prop\u00f3sito con la campa\u00f1a de verano \u2018<strong>Con respeto sabe mejor<\/strong>\u2019. Una pieza que pone en valor el compromiso de la marca con la calidad, la tradici\u00f3n y la sostenibilidad para la elaboraci\u00f3n de sus productos desde hace m\u00e1s de 30 a\u00f1os.<\/p>\n<p>La campa\u00f1a se articula sobre el valor del respeto como ingrediente principal de sus recetas, as\u00ed como valores como la tradici\u00f3n, la proximidad y la sostenibilidad. Un enfoque que Alvalle aplica en el campo, desde el cuidado en la selecci\u00f3n de hortalizas frescas recolectadas a mano, el uso eficiente del agua y la relaci\u00f3n cercana con los agricultores locales.<\/p>\n<p>Esta filosof\u00eda se traslada al consumidor a trav\u00e9s de una pieza audiovisual para televisi\u00f3n y digital dise\u00f1ada para conectar desde lo emocional y visibilizar todo lo que hay detr\u00e1s de cada envase. Porque solo con respeto hacia el producto, las personas que lo hacen posible y el entorno, se puede lograr un sabor verdaderamente excepcional.<\/p>\n<h2 class=\"wp-block-heading\"><span class=\"ez-toc-section\" id=\"viva-oliva-un-programa-que-apoya-agricultores-del-cultivo-del-olivar-en-jaen-para-impulsar-practicas-de-agricultura-regenerativa\"\/>Viva Oliva: un programa que apoya agricultores del cultivo del olivar en Ja\u00e9n para impulsar pr\u00e1cticas de agricultura regenerativa<span class=\"ez-toc-section-end\"\/><\/h2>\n<p>Alvalle contin\u00faa poniendo en valor su conexi\u00f3n con el territorio y el origen de sus ingredientes, alineada con iniciativas como <strong>VivaOliva<\/strong>, un programa impulsado por la <strong>Fundaci\u00f3n PepsiCo<\/strong> en Bedmar, Ja\u00e9n, con el objetivo de impulsar el uso de pr\u00e1cticas de agricultura regenerativa que contribuyan a restaurar la salud del suelo, as\u00ed como promover el liderazgo de la mujer en el \u00e1mbito agr\u00edcola y favorecer el relevo generacional en el campo.<\/p>\n<p>El programa apoya a 150 peque\u00f1os productores de aceite de oliva, uno de los ingredientes clave en los gazpachos de Alvalle, en su transici\u00f3n hacia modelos agr\u00edcolas m\u00e1s sostenibles y resilientes.<\/p>\n<p>Desde que empez\u00f3 en marzo, VivaOliva ha desarrollado diversas acciones formativas y de acompa\u00f1amiento t\u00e9cnico, incluyendo workshops, asesoramiento personalizado y acceso a herramientas adaptadas a las necesidades reales del sector. Hasta la fecha, se han realizado 4 workshops, 6 talleres online, se ha alcanzado a 126 participantes directos y se pondr\u00e1 en marcha un plan piloto de transici\u00f3n regenerativa con 35 agricultores, con un impacto medible en t\u00e9rminos de sostenibilidad, y eficiencia en la regi\u00f3n.<\/p>\n<h2 class=\"wp-block-heading\"><span class=\"ez-toc-section\" id=\"alvalle-cuenta-vivaoliva-a-traves-de-los-agricultores-del-proyecto\"\/>Alvalle cuenta VivaOliva a trav\u00e9s de los agricultores del proyecto<span class=\"ez-toc-section-end\"\/><\/h2>\n<figure class=\"wp-block-embed is-type-video is-provider-youtube wp-block-embed-youtube wp-embed-aspect-16-9 wp-has-aspect-ratio\"\/>\n<p>Accede al <a href=\"https:\/\/youtu.be\/UcTU49gC2HQ\" target=\"_blank\" rel=\"noreferrer noopener nofollow\">trailer<\/a> y las historias de <a href=\"https:\/\/youtu.be\/0iiYqYQ_Hwc\" target=\"_blank\" rel=\"noreferrer noopener nofollow\">Agapito<\/a>, <a href=\"https:\/\/youtu.be\/TY2W7nYBSHA\" target=\"_blank\" rel=\"noreferrer noopener\">Loli<\/a>, <a href=\"https:\/\/youtu.be\/QOLlNxwRFI0\" target=\"_blank\" rel=\"noreferrer noopener nofollow\">Noelia<\/a>.\u00a0<\/p>\n<p>Como parte de este enfoque, Alvalle ha desarrollado tres piezas audiovisuales que ponen rostro y voz a los protagonistas del campo andaluz. A trav\u00e9s de testimonios reales y una narrativa emocional, cada pieza aborda uno de los pilares del programa:<\/p>\n<ul class=\"wp-block-list\">\n<li>La<strong> agricultura regenerativa<\/strong>, con Agapito Vega, quien muestra c\u00f3mo nuevas pr\u00e1cticas sostenibles est\u00e1n devolviendo la vida al suelo y protegiendo el futuro del olivar.<\/li>\n<li>El <strong>papel transformador de la mujer<\/strong>, con Loli Vichez, que visibiliza el liderazgo femenino como motor de cambio en el sector agrario.<\/li>\n<li>El <strong>relevo generacional<\/strong>, con Noelia Garc\u00eda, que trata desde la ilusi\u00f3n el reto de que los j\u00f3venes encuentren en la tierra una opci\u00f3n de vida profesional.<\/li>\n<\/ul>\n<\/div>\n\n<br \/><a href=\"https:\/\/www.marketingdirecto.com\/creacion\/campanas-de-marketing\/campana-verano-alvalle\" target=\"_blank\" rel=\"noopener\">Source link <\/a><\/p>\n","protected":false},"excerpt":{"rendered":"<p>La marca materializa su prop\u00f3sito a trav\u00e9s de su campa\u00f1a, que posiciona el valor del respeto como ingrediente principal de sus recetas, desde la elecci\u00f3n de sus ingredientes hasta la relaci\u00f3n con los agricultores. Alvalle\u00ae, la marca l\u00edder en la categor\u00eda de gazpachos refrigerados de marca en Espa\u00f1a, materializa su prop\u00f3sito con la campa\u00f1a de [&#8230;]\n","protected":false},"author":1,"featured_media":5882,"comment_status":"open","ping_status":"closed","sticky":false,"template":"","format":"standard","meta":{"footnotes":""},"categories":[8],"tags":[243,356,1287,12,285,90,75],"class_list":["post-5881","post","type-post","status-publish","format-standard","has-post-thumbnail","hentry","category-diseno-web","tag-agencia-de-diseno-web","tag-agencia-de-redes-sociales","tag-agencia-seo","tag-diseno-web","tag-manejo-de-redes-sociales","tag-posicionamiento-web","tag-seo"],"_links":{"self":[{"href":"https:\/\/disenodepagina.com\/disenoweb\/wp-json\/wp\/v2\/posts\/5881","targetHints":{"allow":["GET"]}}],"collection":[{"href":"https:\/\/disenodepagina.com\/disenoweb\/wp-json\/wp\/v2\/posts"}],"about":[{"href":"https:\/\/disenodepagina.com\/disenoweb\/wp-json\/wp\/v2\/types\/post"}],"author":[{"embeddable":true,"href":"https:\/\/disenodepagina.com\/disenoweb\/wp-json\/wp\/v2\/users\/1"}],"replies":[{"embeddable":true,"href":"https:\/\/disenodepagina.com\/disenoweb\/wp-json\/wp\/v2\/comments?post=5881"}],"version-history":[{"count":0,"href":"https:\/\/disenodepagina.com\/disenoweb\/wp-json\/wp\/v2\/posts\/5881\/revisions"}],"wp:featuredmedia":[{"embeddable":true,"href":"https:\/\/disenodepagina.com\/disenoweb\/wp-json\/wp\/v2\/media\/5882"}],"wp:attachment":[{"href":"https:\/\/disenodepagina.com\/disenoweb\/wp-json\/wp\/v2\/media?parent=5881"}],"wp:term":[{"taxonomy":"category","embeddable":true,"href":"https:\/\/disenodepagina.com\/disenoweb\/wp-json\/wp\/v2\/categories?post=5881"},{"taxonomy":"post_tag","embeddable":true,"href":"https:\/\/disenodepagina.com\/disenoweb\/wp-json\/wp\/v2\/tags?post=5881"}],"curies":[{"name":"wp","href":"https:\/\/api.w.org\/{rel}","templated":true}]}}