{"id":5811,"date":"2025-06-24T20:52:14","date_gmt":"2025-06-24T20:52:14","guid":{"rendered":"https:\/\/disenodepagina.com\/disenoweb\/todos-los-ganadores-de-los-premios-amkt-2025\/"},"modified":"2025-06-24T20:52:14","modified_gmt":"2025-06-24T20:52:14","slug":"todos-los-ganadores-de-los-premios-amkt-2025","status":"publish","type":"post","link":"https:\/\/disenodepagina.com\/disenoweb\/todos-los-ganadores-de-los-premios-amkt-2025\/","title":{"rendered":"Todos los ganadores de los Premios AMKT 2025"},"content":{"rendered":"<p> \n<\/p>\n<p>Los XVII Premios Nacionales de Marketing, concedidos por la\u00a0Asociaci\u00f3n de Marketing de Espa\u00f1a (AMKT), celebran una nueva edici\u00f3n.<\/p>\n<div>\n<p>Por fin han llegado los <a href=\"https:\/\/www.marketingdirecto.com\/marketing-general\/eventos-y-formacion\/premios-nacionales-marketing-2025-finalistas-xvii-edicion\" target=\"_blank\" rel=\"noreferrer noopener\"><strong>XVII Premios Nacionales de Marketing<\/strong><\/a>, concedidos por la\u00a0<a href=\"https:\/\/www.marketingdirecto.com\/?s=amkt\" target=\"_blank\" rel=\"noreferrer noopener\"><strong>Asociaci\u00f3n de Marketing de Espa\u00f1a<\/strong><\/a> (AMKT), estos premios celebran lo mejor de la industria en nuestro pa\u00eds. La entrega de premios ha tenido lugar este <strong>24 de junio<\/strong> en el Gran Teatro CaixaBank Pr\u00edncipe P\u00edo de Madrid, y desde <em>MarketingDirecto.com \u2013 MKD<\/em> no nos los hemos perdido.<\/p>\n<p>Estos prestigiosos galardones homenajean a las<strong> <a href=\"https:\/\/www.marketingdirecto.com\/especiales\/cannes-lions\/grand-prix-cannes-lions-2025-campanas\" target=\"_blank\" rel=\"noreferrer noopener\">propuestas de marketing m\u00e1s interesantes, creativas, innovadoras y eficaces<\/a><\/strong> de todo el mapa espa\u00f1ol. Hay reconocimientos divididos en siete categor\u00edas como construcci\u00f3n de marca, estrategia integral o de ventas, publicidad y comunicaci\u00f3n comercial o experiencia de cliente. Los expertos del sector aprovechan asimismo la gala como hervidero de ideas, de sinergias y de networking demostrando una vez m\u00e1s el poder de la industria para ir m\u00e1s all\u00e1.<\/p>\n<h2 class=\"wp-block-heading\">Ganadores de los Premios Nacionales de Marketing 2025<\/h2>\n<h4 class=\"wp-block-heading\">Estrategia Integral de Marketing<\/h4>\n<ul class=\"wp-block-list\">\n<li><strong>ORO: Estrella Galicia:\u00a0\u00abBerl\u00edn y cabo suelto\u00bb<\/strong><\/li>\n<li>PLATA: Moeve: \u00abCepsa se transforma en Moeve\u00bb<\/li>\n<li>BRONCE: Telef\u00f3nica: \u00abCentenario de Telef\u00f3nica\u00bb<\/li>\n<\/ul>\n<figure class=\"wp-block-embed is-type-rich is-provider-twitter wp-block-embed-twitter\"\/>\n<h4 class=\"wp-block-heading\">Construcci\u00f3n de Marca<\/h4>\n<ul class=\"wp-block-list\">\n<li><strong>ORO: Majorica: \u00abClassic Meets Today\u00bb<\/strong><\/li>\n<li>PLATA: iryo: \u00abHacer marca desde el viaje\u00bb<\/li>\n<li>BRONCE: KFC: \u00abCambiando las reglas\u00bb<\/li>\n<\/ul>\n<h4 class=\"wp-block-heading\">Experiencia Cliente<\/h4>\n<ul class=\"wp-block-list\">\n<li><strong>ORO: Amadeus: \u00abCytric Easy\u00bb<\/strong><\/li>\n<li>PLATA: ILUNION: \u00abGobernanza y Orquestaci\u00f3n de la Experiencia de Cliente \u00danico\u00bb<\/li>\n<li>BRONCE: Skoda:\u00a0\u00abLet\u2019s Explore\u00bb<\/li>\n<\/ul>\n<h4 class=\"wp-block-heading\">Innovaci\u00f3n en la Propuesta de Valor<\/h4>\n<ul class=\"wp-block-list\">\n<li><strong>ORO: Sanitas: \u00abMi salud gen\u00f3mica\u00bb<\/strong><\/li>\n<li>PLATA: Samsung: \u00abTecnolog\u00eda con prop\u00f3sito (de\u00a0Unfear a Unnoise)\u00bb<\/li>\n<li>BRONCE: Moeve: \u00abUn nuevo amanecer energ\u00e9tico\u00bb<\/li>\n<\/ul>\n<figure class=\"wp-block-embed is-type-rich is-provider-twitter wp-block-embed-twitter\"\/>\n<h4 class=\"wp-block-heading\">Publicidad y Comunicaci\u00f3n Comercial<\/h4>\n<ul class=\"wp-block-list\">\n<li><strong>ORO: Calvo: \u00abNo elijas el at\u00fan al tunt\u00fan, mejor elige Calvo\u00bb<\/strong><\/li>\n<li>PLATA: MAPFRE: \u00abMapfre\u00a0Live\u00bb<\/li>\n<li>BRONCE: IBEROSTAR: \u00abYou do You\u00bb<\/li>\n<\/ul>\n<h4 class=\"wp-block-heading\">Estrategia de Ventas<\/h4>\n<ul class=\"wp-block-list\">\n<li><strong>ORO: IKEA: \u00abC\u00f3mo activamos el cliente omnicanal\u00bb<\/strong><\/li>\n<li>PLATA: Samsung: \u00abThe Art of Hack\u00bb<\/li>\n<li>BRONCE: Leroy Merlin: \u00abMejor Estrategia de Ventas 2024\u00bb<\/li>\n<\/ul>\n<h4 class=\"wp-block-heading\">Patrocinios y Alianzas<\/h4>\n<ul class=\"wp-block-list\">\n<li><strong>ORO: Estrella Galicia: \u00abEG &amp;\u00a0Partners\u00bb<\/strong><\/li>\n<li>PLATA: KFC\u00a0y\u00a0Netflix: \u00abLa prueba del men\u00fa\u00bb<\/li>\n<li>BRONCE: Telef\u00f3nica: \u00abFelicitaci\u00f3n centenario de Telef\u00f3nica\u00bb<\/li>\n<\/ul>\n<figure class=\"wp-block-embed is-type-rich is-provider-twitter wp-block-embed-twitter\"\/>\n<h3 class=\"wp-block-heading\">Los reconocimientos de los Premios Nacionales de Marketing de 2025<\/h3>\n<p>Asimismo se han anunciado otras distinciones especiales otorgadas por la AMKT durante la gala de premiaci\u00f3n.<\/p>\n<ul class=\"wp-block-list\">\n<li><strong>Mejor Equipo de Marketing.<\/strong> Esta categor\u00eda celebra la innovaci\u00f3n, el esp\u00edritu de equipo, el nivel de compromiso, y KPIs espec\u00edficos de proyectos de marketing y negocio. El reconocimiento de esta edici\u00f3n ha sido otorgado al equipo de <strong>Kyndryl<\/strong>.<\/li>\n<\/ul>\n<ul class=\"wp-block-list\">\n<li><strong>Mejor\u00a0L\u00edder Empresarial Impulsor del Marketing<\/strong>. La AMKT premia en esta categor\u00eda a un profesional que ha impulsado el marketing desde su rol, como lo es <strong>Rosa Tous Oriol, <\/strong>vicepresidenta corporativa de TOUS, y profesional que ha hecho brillar la relevancia de la marca joyera.<\/li>\n<\/ul>\n<ul class=\"wp-block-list\">\n<li><strong>Gran Premio Nacional de Marketing<\/strong>. El mayor galard\u00f3n de estos premios fue otorgado a <strong>Estrella Galicia.<\/strong><\/li>\n<\/ul>\n<figure class=\"wp-block-embed is-type-rich is-provider-twitter wp-block-embed-twitter\"\/><\/div>\n\n<br \/><a href=\"https:\/\/www.marketingdirecto.com\/marketing-general\/eventos-y-formacion\/ganadores-premios-nacionales-marketing-2025\" target=\"_blank\" rel=\"noopener\">Source link <\/a><\/p>\n","protected":false},"excerpt":{"rendered":"<p>Los XVII Premios Nacionales de Marketing, concedidos por la\u00a0Asociaci\u00f3n de Marketing de Espa\u00f1a (AMKT), celebran una nueva edici\u00f3n. Por fin han llegado los XVII Premios Nacionales de Marketing, concedidos por la\u00a0Asociaci\u00f3n de Marketing de Espa\u00f1a (AMKT), estos premios celebran lo mejor de la industria en nuestro pa\u00eds. La entrega de premios ha tenido lugar este [&#8230;]\n","protected":false},"author":1,"featured_media":5812,"comment_status":"open","ping_status":"closed","sticky":false,"template":"","format":"standard","meta":{"footnotes":""},"categories":[8],"tags":[243,356,1287,12,285,90,75],"class_list":["post-5811","post","type-post","status-publish","format-standard","has-post-thumbnail","hentry","category-diseno-web","tag-agencia-de-diseno-web","tag-agencia-de-redes-sociales","tag-agencia-seo","tag-diseno-web","tag-manejo-de-redes-sociales","tag-posicionamiento-web","tag-seo"],"_links":{"self":[{"href":"https:\/\/disenodepagina.com\/disenoweb\/wp-json\/wp\/v2\/posts\/5811","targetHints":{"allow":["GET"]}}],"collection":[{"href":"https:\/\/disenodepagina.com\/disenoweb\/wp-json\/wp\/v2\/posts"}],"about":[{"href":"https:\/\/disenodepagina.com\/disenoweb\/wp-json\/wp\/v2\/types\/post"}],"author":[{"embeddable":true,"href":"https:\/\/disenodepagina.com\/disenoweb\/wp-json\/wp\/v2\/users\/1"}],"replies":[{"embeddable":true,"href":"https:\/\/disenodepagina.com\/disenoweb\/wp-json\/wp\/v2\/comments?post=5811"}],"version-history":[{"count":0,"href":"https:\/\/disenodepagina.com\/disenoweb\/wp-json\/wp\/v2\/posts\/5811\/revisions"}],"wp:featuredmedia":[{"embeddable":true,"href":"https:\/\/disenodepagina.com\/disenoweb\/wp-json\/wp\/v2\/media\/5812"}],"wp:attachment":[{"href":"https:\/\/disenodepagina.com\/disenoweb\/wp-json\/wp\/v2\/media?parent=5811"}],"wp:term":[{"taxonomy":"category","embeddable":true,"href":"https:\/\/disenodepagina.com\/disenoweb\/wp-json\/wp\/v2\/categories?post=5811"},{"taxonomy":"post_tag","embeddable":true,"href":"https:\/\/disenodepagina.com\/disenoweb\/wp-json\/wp\/v2\/tags?post=5811"}],"curies":[{"name":"wp","href":"https:\/\/api.w.org\/{rel}","templated":true}]}}