{"id":5805,"date":"2025-06-21T20:40:02","date_gmt":"2025-06-21T20:40:02","guid":{"rendered":"https:\/\/disenodepagina.com\/disenoweb\/fundacion-luzon-y-ogilvy-destacan-visibilizar-la-ela\/"},"modified":"2025-06-21T20:40:02","modified_gmt":"2025-06-21T20:40:02","slug":"fundacion-luzon-y-ogilvy-destacan-visibilizar-la-ela","status":"publish","type":"post","link":"https:\/\/disenodepagina.com\/disenoweb\/fundacion-luzon-y-ogilvy-destacan-visibilizar-la-ela\/","title":{"rendered":"Fundaci\u00f3n Luz\u00f3n y Ogilvy destacan visibilizar la ELA"},"content":{"rendered":"<p> \n<\/p>\n<p>\u00abNada causa ELA\u00bb es una campa\u00f1a que refleja la incertidumbre cient\u00edfica respecto al origen de la Esclerosis Lateral Amiotr\u00f3fica.<\/p>\n<div>\n<p>En el marco del D\u00eda Mundial de la Esclerosis Lateral Amiotr\u00f3fica (ELA), que se celebra el 21 de junio de 2025, la <strong>Fundaci\u00f3n Luz\u00f3n<\/strong> presenta <strong>\u00abNada causa ELA\u00bb, una campa\u00f1a de sensibilizaci\u00f3n que evidencia el desconocimiento cient\u00edfico sobre el origen de la enfermedad <\/strong>y pone de relieve la necesidad urgente de impulsar la investigaci\u00f3n. Desarrollada junto a <strong><a href=\"https:\/\/www.marketingdirecto.com\/anunciantes-general\/publicaciones\/kantar-creative-effectiveness-awards-mejores-15-creatividades-publicidad-espanola\" target=\"_blank\" rel=\"noreferrer noopener\">Ogilvy<\/a><\/strong>, la campa\u00f1a recurre a un enfoque claro: mostrar todo aquello qu\u00e9 no causa ELA para subrayar lo mucho que todav\u00eda ignoramos sobre esta enfermedad.<\/p>\n<figure class=\"wp-block-embed is-type-video is-provider-youtube wp-block-embed-youtube wp-embed-aspect-16-9 wp-has-aspect-ratio\"\/>\n<p>Si no puede visualizar correctamente el v\u00eddeo embedded, haz clic <a href=\"https:\/\/www.youtube.com\/watch?v=tStR9tGk9T0\" target=\"_blank\" rel=\"noreferrer noopener nofollow\">aqu\u00ed<\/a><\/p>\n<h3 class=\"wp-block-heading\">Sabemos mucho de otras enfermedades, pero casi nada de ELA<\/h3>\n<p>Sabemos que<strong> el az\u00facar causa diabetes<\/strong>, que<strong> el tabaco provoca c\u00e1ncer<\/strong> o que el sedentarismo aumenta el riesgo cardiovascular. Pero de la<strong> ELA apenas sabemos nada<\/strong>, sobre todo del tipo m\u00e1s frecuente y que supone el <strong>90% de los casos: la ELA espor\u00e1dica<\/strong>. Aunque se han realizado varios estudios, en la actualidad no existe un diagn\u00f3stico y, mientras no haya investigaci\u00f3n que lo desmienta, lo \u00fanico que podemos afirmar es que <em><strong>nada causa ELA.<\/strong><\/em><\/p>\n<p>\u00abComo<strong> la ELA se considera una enfermedad rara<\/strong>, no existen muchos recursos para determinar qu\u00e9 causa la enfermedad, encontrar una prueba diagn\u00f3stica y un tratamiento. De ah\u00ed que nuestra misi\u00f3n como fundaci\u00f3n sea <strong>impulsar la investigaci\u00f3n y llamar la atenci\u00f3n sobre esta realidad<\/strong> a trav\u00e9s de campa\u00f1as como \u2018Nada causa ELA\u2019 que podemos lanzar gracias a la colaboraci\u00f3n de una gran agencia como es Ogilvy\u00bb, afirma <strong>Sonia S\u00e1nchez de Bernardo, directora de la Fundaci\u00f3n Luz\u00f3n.<\/strong><\/p>\n<h3 class=\"wp-block-heading\">Una campa\u00f1a de Ogilvy necesaria con un toque irreverente\u00a0<\/h3>\n<p>El eje creativo de la campa\u00f1a se centra en mostrar factores habitualmente asociados a problemas de salud -como<strong> el az\u00facar, el estr\u00e9s o la contaminaci\u00f3n<\/strong>\u2013 para luego desmentir su <a href=\"https:\/\/www.ffluzon.org\/\" target=\"_blank\" rel=\"noreferrer noopener nofollow\">relaci\u00f3n con la ELA<\/a>. As\u00ed, el mensaje interpela directamente al espectador desde la contundencia y la incertidumbre, reforzando el mensaje de urgencia: sin investigaci\u00f3n, no hay respuestas<em>.<\/em><\/p>\n<p>En ese sentido, <strong>Enrique Almod\u00f3var, Creative Director <\/strong>de Ogilvy en Barcelona, afirma que \u00abCuando sabes cu\u00e1l es el origen de una enfermedad o los factores de riesgo, puedes evitarlos. <strong>El problema con el ELA es que no se sabe nada, por tanto no puede evitar malos h\u00e1bitos que puedan favorecer la enfermedad<\/strong>. Lo que queremos poner de manifiesto con esta campa\u00f1a es que las mismas posibilidades tiene de desarrollar ELA una persona <em>healthy<\/em> que una que no lo es\u00bb.<\/p>\n<p>La pieza principal se difundir\u00e1 en formato audiovisual y en soportes digitales. Adem\u00e1s, la campa\u00f1a estar\u00e1 presente en mobiliario urbano mediante publicidad exterior est\u00e1tica y opis digitales, visibilizando el <strong>mensaje de forma contundente <\/strong>en la v\u00eda p\u00fablica.<\/p>\n<h3 class=\"wp-block-heading\">Ficha t\u00e9cnica<\/h3>\n<ul class=\"wp-block-list\">\n<li><strong>Agencia responsable de adaptar la campa\u00f1a:<\/strong> Ogilvy\u00a0<\/li>\n<li><strong>Chief Creative Officer:<\/strong>\u00a0 Roberto Fara\u00a0\u00a0<\/li>\n<li><strong>Executive Creative Director:<\/strong> Noelia Fern\u00e1ndez, Tomas O\u2019Gorman\u00a0\u00a0<\/li>\n<li><strong>Creative Director:<\/strong> Enrique Almod\u00f3var<\/li>\n<li><strong>Art Directors:<\/strong> Gabriela Gonzalez<\/li>\n<li><strong>Copywriters:<\/strong> Ylenia Esquerdo, Mar Rodriguez\u00a0<\/li>\n<li><strong>Account Director:<\/strong> Alba Garlito\u00a0\u00a0<\/li>\n<li><strong>Account Executives:<\/strong> Giulia Vischi\u00a0<\/li>\n<li><strong>Content:<\/strong> Alba Cortiella, Luisana Luporsi<\/li>\n<li><strong>Production:<\/strong> Lucas Rubio, Jordi Roca\u00a0<\/li>\n<li><strong>Comunicaci\u00f3n Ogilvy:<\/strong>\u00a0 Christian Mart\u00ednez, Laura Cuenca<\/li>\n<li><strong>Fundaci\u00f3n Luz\u00f3n:<\/strong> Sonia S\u00e1nchez de Bernardo, Julia Diez.<\/li>\n<\/ul>\n<\/div>\n\n<br \/><a href=\"https:\/\/www.marketingdirecto.com\/creacion\/nada-causa-ela-campana-fundacion-luzon-ogilvy-visibilizar-enfermedad\" target=\"_blank\" rel=\"noopener\">Source link <\/a><\/p>\n","protected":false},"excerpt":{"rendered":"<p>\u00abNada causa ELA\u00bb es una campa\u00f1a que refleja la incertidumbre cient\u00edfica respecto al origen de la Esclerosis Lateral Amiotr\u00f3fica. En el marco del D\u00eda Mundial de la Esclerosis Lateral Amiotr\u00f3fica (ELA), que se celebra el 21 de junio de 2025, la Fundaci\u00f3n Luz\u00f3n presenta \u00abNada causa ELA\u00bb, una campa\u00f1a de sensibilizaci\u00f3n que evidencia el desconocimiento [&#8230;]\n","protected":false},"author":1,"featured_media":5806,"comment_status":"open","ping_status":"closed","sticky":false,"template":"","format":"standard","meta":{"footnotes":""},"categories":[8],"tags":[243,356,1287,12,285,90,75],"class_list":["post-5805","post","type-post","status-publish","format-standard","has-post-thumbnail","hentry","category-diseno-web","tag-agencia-de-diseno-web","tag-agencia-de-redes-sociales","tag-agencia-seo","tag-diseno-web","tag-manejo-de-redes-sociales","tag-posicionamiento-web","tag-seo"],"_links":{"self":[{"href":"https:\/\/disenodepagina.com\/disenoweb\/wp-json\/wp\/v2\/posts\/5805","targetHints":{"allow":["GET"]}}],"collection":[{"href":"https:\/\/disenodepagina.com\/disenoweb\/wp-json\/wp\/v2\/posts"}],"about":[{"href":"https:\/\/disenodepagina.com\/disenoweb\/wp-json\/wp\/v2\/types\/post"}],"author":[{"embeddable":true,"href":"https:\/\/disenodepagina.com\/disenoweb\/wp-json\/wp\/v2\/users\/1"}],"replies":[{"embeddable":true,"href":"https:\/\/disenodepagina.com\/disenoweb\/wp-json\/wp\/v2\/comments?post=5805"}],"version-history":[{"count":0,"href":"https:\/\/disenodepagina.com\/disenoweb\/wp-json\/wp\/v2\/posts\/5805\/revisions"}],"wp:featuredmedia":[{"embeddable":true,"href":"https:\/\/disenodepagina.com\/disenoweb\/wp-json\/wp\/v2\/media\/5806"}],"wp:attachment":[{"href":"https:\/\/disenodepagina.com\/disenoweb\/wp-json\/wp\/v2\/media?parent=5805"}],"wp:term":[{"taxonomy":"category","embeddable":true,"href":"https:\/\/disenodepagina.com\/disenoweb\/wp-json\/wp\/v2\/categories?post=5805"},{"taxonomy":"post_tag","embeddable":true,"href":"https:\/\/disenodepagina.com\/disenoweb\/wp-json\/wp\/v2\/tags?post=5805"}],"curies":[{"name":"wp","href":"https:\/\/api.w.org\/{rel}","templated":true}]}}