{"id":5750,"date":"2025-05-25T19:41:59","date_gmt":"2025-05-25T19:41:59","guid":{"rendered":"https:\/\/disenodepagina.com\/disenoweb\/llega-educafestival-el-i-festival-internacional-de-publicidad-educativa\/"},"modified":"2025-05-25T19:41:59","modified_gmt":"2025-05-25T19:41:59","slug":"llega-educafestival-el-i-festival-internacional-de-publicidad-educativa","status":"publish","type":"post","link":"https:\/\/disenodepagina.com\/disenoweb\/llega-educafestival-el-i-festival-internacional-de-publicidad-educativa\/","title":{"rendered":"Llega Educafestival, el I Festival Internacional de Publicidad Educativa"},"content":{"rendered":"<p> \n<\/p>\n<div>\n            <!-- image --><\/p>\n<div class=\"td-post-featured-image\"><a href=\"https:\/\/www.mediosyredes.com\/wp-content\/uploads\/2017\/01\/educafestival.jpg\" data-caption=\"\" target=\"_blank\" rel=\"noopener\"><img loading=\"lazy\" decoding=\"async\" width=\"696\" height=\"469\" class=\"entry-thumb td-modal-image\" src=\"https:\/\/www.mediosyredes.com\/wp-content\/uploads\/2017\/01\/educafestival-696x469.jpg\" srcset=\"https:\/\/www.mediosyredes.com\/wp-content\/uploads\/2017\/01\/educafestival-696x469.jpg 696w, https:\/\/www.mediosyredes.com\/wp-content\/uploads\/2017\/01\/educafestival-300x202.jpg 300w, https:\/\/www.mediosyredes.com\/wp-content\/uploads\/2017\/01\/educafestival-768x517.jpg 768w, https:\/\/www.mediosyredes.com\/wp-content\/uploads\/2017\/01\/educafestival-1024x689.jpg 1024w, https:\/\/www.mediosyredes.com\/wp-content\/uploads\/2017\/01\/educafestival-1068x719.jpg 1068w, https:\/\/www.mediosyredes.com\/wp-content\/uploads\/2017\/01\/educafestival-624x420.jpg 624w, https:\/\/www.mediosyredes.com\/wp-content\/uploads\/2017\/01\/educafestival.jpg 1200w\" sizes=\"auto, (max-width: 696px) 100vw, 696px\" alt=\"\" title=\"educafestival\"\/><\/a><\/div>\n<p>            <!-- content --><\/p>\n<p>Dentro del mundo de la publicidad, nos hemos encontrado con una interesante iniciativa que busca fomentar el uso del marketing dentro de la educaci\u00f3n. Estamos hablando de <strong>Educafestival<\/strong>, un festival que se celebrar\u00e1 por primera vez en nuestro pa\u00eds y que pretende <strong>premiar a las estrategias de comunicaci\u00f3n<\/strong> que llegan por parte del sector educativo.<\/p>\n<p>De esta forma, lo que <a href=\"http:\/\/www.educafestival.com\/\" target=\"_blank\" rel=\"noopener\">Educafestival<\/a> pretende, es convertirse en un punto de encuentro entre anunciantes, agencias e Instituciones Educativas. El objetivo de todo esto es promover nuevas ideas para hacer que este sector sea mejor.<\/p>\n<h2>Listado de categor\u00edas donde poder presentarse<\/h2>\n<p><img fetchpriority=\"high\" decoding=\"async\" class=\"alignnone wp-image-3998 size-full\" src=\"https:\/\/www.mediosyredes.com\/wp-content\/uploads\/2017\/01\/educafestival.jpg\" alt=\"Ap\u00fantate a Educafestival\" width=\"1200\" height=\"808\" srcset=\"https:\/\/www.mediosyredes.com\/wp-content\/uploads\/2017\/01\/educafestival.jpg 1200w, https:\/\/www.mediosyredes.com\/wp-content\/uploads\/2017\/01\/educafestival-300x202.jpg 300w, https:\/\/www.mediosyredes.com\/wp-content\/uploads\/2017\/01\/educafestival-768x517.jpg 768w, https:\/\/www.mediosyredes.com\/wp-content\/uploads\/2017\/01\/educafestival-1024x689.jpg 1024w, https:\/\/www.mediosyredes.com\/wp-content\/uploads\/2017\/01\/educafestival-696x469.jpg 696w, https:\/\/www.mediosyredes.com\/wp-content\/uploads\/2017\/01\/educafestival-1068x719.jpg 1068w, https:\/\/www.mediosyredes.com\/wp-content\/uploads\/2017\/01\/educafestival-624x420.jpg 624w\" sizes=\"(max-width: 1200px) 100vw, 1200px\"\/><\/p>\n<p>El festival ofrece 8 categor\u00edas diferentes a las que poder presentar las ideas de todos aquellos que quieran participar. En total, ser\u00e1n <strong>m\u00e1s de 60 premios los que se repartan<\/strong>, premios que ser\u00e1n otorgados por el jurado del festival. Las categor\u00edas son las siguientes:<\/p>\n<ol>\n<li><strong>Centro educativo<\/strong>: para campa\u00f1as de colegios de Educaci\u00f3n Infantil y Primaria, E.S.O., Bachiller y Educaci\u00f3n Especial.<\/li>\n<li><strong>Formaci\u00f3n profesional:<\/strong> donde entran las campa\u00f1as publicitarias de los centros de Formaci\u00f3n Profesional, tanto de \u00e1mbito nacional como de \u00e1mbito internacional.<\/li>\n<li><strong>Educaci\u00f3n a distancia<\/strong>: dirigida a aquellas campa\u00f1as que llegan por parte de centros e instituciones que ofrecen cursos a distancia.<\/li>\n<li><strong>Universidad:<\/strong> para las campa\u00f1as hechas por Universidades, tanto de \u00e1mbito nacional como internacional.<\/li>\n<li><strong>Escuela de Negocios y Postgrado:<\/strong> para las campa\u00f1as hechas por Escuelas de Negocio y Postgrado nacionales e internacionales.<\/li>\n<li><strong>ONG Campa\u00f1a Educaci\u00f3n:<\/strong> para las campa\u00f1as sobre la educaci\u00f3n que est\u00e1n hechas por ONGs, fundaciones y entidades sin \u00e1nimo de lucro.<\/li>\n<li><strong>Producto Educativo:<\/strong> para las campa\u00f1as sobre productos educativos de gran consumo, como pueden ser juegos, aplicaciones m\u00f3viles, materiales educativos, etc.<\/li>\n<li><strong>Otros Educaci\u00f3n:<\/strong> cualquier otra pieza que no est\u00e9 incluida en las categor\u00edas anteriores y que tenga alguna acci\u00f3n de comunicaci\u00f3n enfocada al sector educativo.<\/li>\n<\/ol>\n<h2>Reconocimientos especiales de Educafestival<\/h2>\n<p><img loading=\"lazy\" decoding=\"async\" class=\"alignnone wp-image-3999 size-full\" src=\"https:\/\/www.mediosyredes.com\/wp-content\/uploads\/2017\/01\/educafestival-publicidad.png\" alt=\"educafestival 9 de junio\" width=\"1290\" height=\"600\" srcset=\"https:\/\/www.mediosyredes.com\/wp-content\/uploads\/2017\/01\/educafestival-publicidad.png 1290w, https:\/\/www.mediosyredes.com\/wp-content\/uploads\/2017\/01\/educafestival-publicidad-300x140.png 300w, https:\/\/www.mediosyredes.com\/wp-content\/uploads\/2017\/01\/educafestival-publicidad-768x357.png 768w, https:\/\/www.mediosyredes.com\/wp-content\/uploads\/2017\/01\/educafestival-publicidad-1024x476.png 1024w, https:\/\/www.mediosyredes.com\/wp-content\/uploads\/2017\/01\/educafestival-publicidad-696x324.png 696w, https:\/\/www.mediosyredes.com\/wp-content\/uploads\/2017\/01\/educafestival-publicidad-1068x497.png 1068w, https:\/\/www.mediosyredes.com\/wp-content\/uploads\/2017\/01\/educafestival-publicidad-903x420.png 903w\" sizes=\"auto, (max-width: 1290px) 100vw, 1290px\"\/><\/p>\n<p>Adem\u00e1s de los premios, los participantes podr\u00e1n aspirar a cuatro reconocimientos especiales.<\/p>\n<ul>\n<li><strong>Premio Especial Eficacia Publicitaria<\/strong>. Se trata de un reconocimiento a los resultados obtenidos por la eficacia con la que se hayan utilizado los recursos y medios publicitarios en el desarrollo de la campa\u00f1a.<\/li>\n<li><strong>Premio Especial a la innovaci\u00f3n<\/strong>. Un reconocimiento a la mejor campa\u00f1a en innovaci\u00f3n en creatividad y estrategia.<\/li>\n<li><strong>Premio a la Mejor Estrategia de Marketing Relacional<\/strong>. Se trata de un premio que reconoce la mejor estrategia de marketing relacional que se haya desarrollado en la campa\u00f1a. Se valorar\u00e1 el conjunto de acciones llevadas a cabo para profundizar en la relaci\u00f3n con sus clientes y aumentar el grado de satisfacci\u00f3n.<\/li>\n<li><strong>Premio Especial Joven Talento<\/strong>. Este reconocimiento est\u00e1 enfocado a las acciones creadas por estudiantes o profesionales del sector que sean menores de 28 a\u00f1os y promovido por la <strong>Fundaci\u00f3n Bot\u00edn<\/strong>. En este caso, los participantes tendr\u00e1n que resolver un reto actual procedente del Observatorio de Educaci\u00f3n de la Fundaci\u00f3n.<\/li>\n<\/ul>\n<h2>Jurado formado por expertos en marketing<\/h2>\n<p>A la hora de asignar los distintos premios, Educafestival contar\u00e1 con un <strong>jurado formado por los mejores expertos en marketing<\/strong> y publicidad que actualmente lideran el sector publicitario.<\/p>\n<p>Este I Festival Internacional de Publicidad Educativa cuenta con el <strong>apoyo de Fundaci\u00f3n La Caixa<\/strong>,\u00a0que es promotor, junto con la agencia especializada en marketing social y educativo <strong><a href=\"http:\/\/www.puedesmasmarketing.com\/\" target=\"_blank\" rel=\"noopener\">PuedeM\u00e1sMarketing<\/a><\/strong>, agencia especializada en marketing social y educativo del grupo Be a DreamerGroup.<\/p>\n<p>La fecha en la que se celebrar\u00e1 la gala, tendr\u00e1 lugar el pr\u00f3ximo d\u00eda<strong> 9 de junio en el centro cultural Caixa Forum<\/strong>. Las inscripciones se abrieron el pasado 9 de enero y estar\u00e1n abiertas hasta el 9 de abril de 2017.<\/p>\n<p>\u00bfNo cre\u00e9is que se trata de una apuesta muy interesante dentro del sector educativo de la publicidad?<\/p>\n<\/p><\/div>\n\n<br \/><a href=\"https:\/\/www.mediosyredes.com\/educafestival-publicidad-educativa\/\" target=\"_blank\" rel=\"noopener\">Source link <\/a><\/p>\n","protected":false},"excerpt":{"rendered":"<p>Dentro del mundo de la publicidad, nos hemos encontrado con una interesante iniciativa que busca fomentar el uso del marketing dentro de la educaci\u00f3n. Estamos hablando de Educafestival, un festival que se celebrar\u00e1 por primera vez en nuestro pa\u00eds y que pretende premiar a las estrategias de comunicaci\u00f3n que llegan por parte del sector educativo. [&#8230;]\n","protected":false},"author":1,"featured_media":5751,"comment_status":"open","ping_status":"closed","sticky":false,"template":"","format":"standard","meta":{"footnotes":""},"categories":[8],"tags":[243,356,1287,12,285,90,75],"class_list":["post-5750","post","type-post","status-publish","format-standard","has-post-thumbnail","hentry","category-diseno-web","tag-agencia-de-diseno-web","tag-agencia-de-redes-sociales","tag-agencia-seo","tag-diseno-web","tag-manejo-de-redes-sociales","tag-posicionamiento-web","tag-seo"],"_links":{"self":[{"href":"https:\/\/disenodepagina.com\/disenoweb\/wp-json\/wp\/v2\/posts\/5750","targetHints":{"allow":["GET"]}}],"collection":[{"href":"https:\/\/disenodepagina.com\/disenoweb\/wp-json\/wp\/v2\/posts"}],"about":[{"href":"https:\/\/disenodepagina.com\/disenoweb\/wp-json\/wp\/v2\/types\/post"}],"author":[{"embeddable":true,"href":"https:\/\/disenodepagina.com\/disenoweb\/wp-json\/wp\/v2\/users\/1"}],"replies":[{"embeddable":true,"href":"https:\/\/disenodepagina.com\/disenoweb\/wp-json\/wp\/v2\/comments?post=5750"}],"version-history":[{"count":0,"href":"https:\/\/disenodepagina.com\/disenoweb\/wp-json\/wp\/v2\/posts\/5750\/revisions"}],"wp:featuredmedia":[{"embeddable":true,"href":"https:\/\/disenodepagina.com\/disenoweb\/wp-json\/wp\/v2\/media\/5751"}],"wp:attachment":[{"href":"https:\/\/disenodepagina.com\/disenoweb\/wp-json\/wp\/v2\/media?parent=5750"}],"wp:term":[{"taxonomy":"category","embeddable":true,"href":"https:\/\/disenodepagina.com\/disenoweb\/wp-json\/wp\/v2\/categories?post=5750"},{"taxonomy":"post_tag","embeddable":true,"href":"https:\/\/disenodepagina.com\/disenoweb\/wp-json\/wp\/v2\/tags?post=5750"}],"curies":[{"name":"wp","href":"https:\/\/api.w.org\/{rel}","templated":true}]}}