{"id":5696,"date":"2025-05-09T07:00:16","date_gmt":"2025-05-09T07:00:16","guid":{"rendered":"https:\/\/disenodepagina.com\/disenoweb\/ogilvy-renueva-su-liderazgo-creativo-en-madrid\/"},"modified":"2025-05-09T07:00:16","modified_gmt":"2025-05-09T07:00:16","slug":"ogilvy-renueva-su-liderazgo-creativo-en-madrid","status":"publish","type":"post","link":"https:\/\/disenodepagina.com\/disenoweb\/ogilvy-renueva-su-liderazgo-creativo-en-madrid\/","title":{"rendered":"Ogilvy renueva su liderazgo creativo en Madrid"},"content":{"rendered":"<p> \n<\/p>\n<p>Ogilvy empieza una nueva etapa con fichajes como Javier Mart\u00ednez, Pablo Fern\u00e1ndez y Clara S\u00e1nchez, y varios talentos internos.<\/p>\n<div>\n<p><strong><a href=\"https:\/\/www.marketingdirecto.com\/creacion\/campanas-de-marketing\/audi-ogilvy-penguin-random-house-libro-sensorial-alicia\" target=\"_blank\" rel=\"noreferrer noopener\">Ogilvy<\/a><\/strong> <strong>en Madrid<\/strong> arranca una nueva etapa en su apuesta por la creatividad. <strong>Juan P Moreno y Javier Senovilla<\/strong> asumen, a partir de ahora, el liderazgo del <strong>departamento creativo<\/strong> de la oficina de Madrid en su rol de Executive Creative Directors, consolidando un modelo que refuerza el talento interno y mira al futuro con ambici\u00f3n.<\/p>\n<p>Todo el equipo creativo reportar\u00e1 directamente a Juan P Moreno y Javi Senovilla, as\u00ed como a <strong>Roberto Fara, Chief Creative Officer de Ogilvy Spain.<\/strong> Esta nueva etapa est\u00e1 llena de orgullo porque es una apuesta por el <strong>talento<\/strong>,<strong> <\/strong>las<strong> buenas ideas<\/strong> y una manera de crear basada en <strong><em>#borderlesscreativity<\/em><\/strong>, una creatividad sin fronteras que impulsa a construir, crecer y seguir disfrutando del camino.<\/p>\n<h3 class=\"wp-block-heading\">Trayectoria profesional del departamento creativo<\/h3>\n<p><strong>Juan P Moreno y Javi Senovilla<\/strong> comenzaron su carrera juntos en Ogilvy en 2007 y hoy lideran la creatividad de la agencia tras dejar su sello en marcas como Heineken, Turismo de Andaluc\u00eda, ONCE o KFC. Su trabajo ha sido premiado en <strong>Cannes Lions, The One Show, Clio Awards, El Sol y Premios Eficacia<\/strong>, y ha contribuido a los <strong>Premios Nacionales de Creatividad<\/strong> en 2021 y 2024. Adem\u00e1s, han sido reconocidos en la <strong>lista Forbes<\/strong> de los 100 espa\u00f1oles m\u00e1s creativos en 2021, 2023 y 2024, y forman parte del <strong>Top 3 de creativos en Espa\u00f1a seg\u00fan The One Show Ranking 2023<\/strong>.<\/p>\n<p>\u00abEn esta nueva etapa partimos de una <strong>situaci\u00f3n privilegiada<\/strong> por varios motivos. Por un lado, hay una cultura de agencia <strong>donde la creatividad es parte fundamental del modelo de negocio<\/strong>. Algo en lo que se cree (y se impulsa) desde arriba. Por otro, estamos rodeados de un grupo de compa\u00f1eros\/as con un talento descomunal. Como pocas veces hemos tenido. <strong>Es un equipazo<\/strong>. Creo que nuestra misi\u00f3n es -en gran parte- no cargarla; que cada uno de ellos encuentre <strong>un espacio y oportunidades para desarrollarse y hacer el mejor trabajo posible\u00bb<em> <\/em><\/strong>comentan<strong> Juan P Moreno y Javi Senovilla Executive Creative Directors de Ogilvy.\u00a0<\/strong><\/p>\n<h3 class=\"wp-block-heading\">Ogilvy apuesta por seguir creciendo<\/h3>\n<p>Esta renovaci\u00f3n se refuerza tambi\u00e9n con nuevos fichajes en la direcci\u00f3n creativa. <strong>Javier Mart\u00ednez y Pablo Fern\u00e1ndez <\/strong>se unen al equipo de Creative Directors, trabajando junto a <strong>Patricia Medeiros, Miguel Provencio, Ramiro Alda, Jorge Calvo, Pablo Chach\u00f3n, Guille Fern\u00e1ndez, Pablo Poveda y V\u00edctor V\u00e1zquez.\u00a0<\/strong><\/p>\n<p><strong>Javier Mart\u00ednez,<\/strong> licenciado en Publicidad y Relaciones P\u00fablicas por la Universidad de Alicante, regresa a Ogilvy tras liderar la creatividad de McDonald\u2019s en TBWA Espa\u00f1a durante 5 a\u00f1os, acumulando reconocimientos en festivales como Cannes Lions, The One Show, Clio Awards, El Sol y Premios Eficacia. Por su parte, <strong>Pablo Fern\u00e1ndez<\/strong>, con 25 a\u00f1os de experiencia internacional entre Argentina, Brasil y Espa\u00f1a, tambi\u00e9n vuelve a Ogilvy tras su paso por Cheil y TBWA Espa\u00f1a, donde trabaj\u00f3 para marcas como Ford, ONCE, Samsung y Playtomic, y cosech\u00f3 premios en los principales cert\u00e1menes de la industria.<\/p>\n<p>Adem\u00e1s, <strong>Clara S\u00e1nchez<\/strong> se incorpora como <strong>Associate Creative Director<\/strong>, cuenta con una formaci\u00f3n educativa en la Miami Ad School de Berl\u00edn y con m\u00e1s de 12 a\u00f1os de experiencia en agencias como Leo Burnett, DDB y Scholz &amp; Friends.<\/p>\n<h3 class=\"wp-block-heading\">Promociones internas que hablan de futuro<\/h3>\n<p>En esta nueva etapa, Ogilvy tambi\u00e9n reconoce y apuesta por el talento de casa. <strong>Paloma del R\u00edo, Alba L\u00f3pez y Antonio Pelufo<\/strong> asumen nuevos roles como Associate Creative Directors.<\/p>\n<p><strong>Alba y Antonio<\/strong>, dupla creativa desde su paso por <em>The Atomic Garden<\/em> en 2015, han trabajado en agencias como Leo Burnett, Havas y Ogilvy, donde han demostrado que la creatividad compartida multiplica. <strong>Paloma<\/strong>, con experiencia en agencias como McCann y El Laboratorio, contin\u00faa impulsando su trayectoria en Ogilvy, dando un nuevo paso en su crecimiento.<\/p>\n<h3 class=\"wp-block-heading\">Ogilvy: un equipo, una misi\u00f3n<\/h3>\n<p>\u00abEsta profesi\u00f3n requiere, entre muchas otras cosas, <strong>estar al d\u00eda con lo que sucede<\/strong>. Nos exige <strong>inquietud, adaptaci\u00f3n, innovaci\u00f3n, b\u00fasqueda y la aceptaci\u00f3n <\/strong>de que el camino puede cambiar en cualquier momento. Por eso siempre he cre\u00eddo que lo colectivo es m\u00e1s importante que lo individual; el equipo, por encima de los nombres. <strong>Porque si tienes clara tu direcci\u00f3n y tu filosof\u00eda de trabajo, puedes ir ajustando paso a paso<\/strong> \u2014y aunque alguien se vaya o alguien nuevo llegue, siempre podr\u00e1s mantener tu identidad y la calidad de lo que haces\u00bb expresa <strong>Roberto Fara<\/strong>, Chief Creative Officer de Ogilvy Spain y Global Creative Lead OgilvyOne.<\/p>\n<\/div>\n\n<br \/><a href=\"https:\/\/www.marketingdirecto.com\/marketing-general\/agencias\/ogilvy-refresca-nuevo-equipo-creativo\" target=\"_blank\" rel=\"noopener\">Source link <\/a><\/p>\n","protected":false},"excerpt":{"rendered":"<p>Ogilvy empieza una nueva etapa con fichajes como Javier Mart\u00ednez, Pablo Fern\u00e1ndez y Clara S\u00e1nchez, y varios talentos internos. Ogilvy en Madrid arranca una nueva etapa en su apuesta por la creatividad. Juan P Moreno y Javier Senovilla asumen, a partir de ahora, el liderazgo del departamento creativo de la oficina de Madrid en su [&#8230;]\n","protected":false},"author":2,"featured_media":5697,"comment_status":"open","ping_status":"closed","sticky":false,"template":"","format":"standard","meta":{"footnotes":""},"categories":[8],"tags":[243,356,1287,12,285,90,75],"class_list":["post-5696","post","type-post","status-publish","format-standard","has-post-thumbnail","hentry","category-diseno-web","tag-agencia-de-diseno-web","tag-agencia-de-redes-sociales","tag-agencia-seo","tag-diseno-web","tag-manejo-de-redes-sociales","tag-posicionamiento-web","tag-seo"],"_links":{"self":[{"href":"https:\/\/disenodepagina.com\/disenoweb\/wp-json\/wp\/v2\/posts\/5696","targetHints":{"allow":["GET"]}}],"collection":[{"href":"https:\/\/disenodepagina.com\/disenoweb\/wp-json\/wp\/v2\/posts"}],"about":[{"href":"https:\/\/disenodepagina.com\/disenoweb\/wp-json\/wp\/v2\/types\/post"}],"author":[{"embeddable":true,"href":"https:\/\/disenodepagina.com\/disenoweb\/wp-json\/wp\/v2\/users\/2"}],"replies":[{"embeddable":true,"href":"https:\/\/disenodepagina.com\/disenoweb\/wp-json\/wp\/v2\/comments?post=5696"}],"version-history":[{"count":0,"href":"https:\/\/disenodepagina.com\/disenoweb\/wp-json\/wp\/v2\/posts\/5696\/revisions"}],"wp:featuredmedia":[{"embeddable":true,"href":"https:\/\/disenodepagina.com\/disenoweb\/wp-json\/wp\/v2\/media\/5697"}],"wp:attachment":[{"href":"https:\/\/disenodepagina.com\/disenoweb\/wp-json\/wp\/v2\/media?parent=5696"}],"wp:term":[{"taxonomy":"category","embeddable":true,"href":"https:\/\/disenodepagina.com\/disenoweb\/wp-json\/wp\/v2\/categories?post=5696"},{"taxonomy":"post_tag","embeddable":true,"href":"https:\/\/disenodepagina.com\/disenoweb\/wp-json\/wp\/v2\/tags?post=5696"}],"curies":[{"name":"wp","href":"https:\/\/api.w.org\/{rel}","templated":true}]}}