{"id":5626,"date":"2025-04-04T05:40:54","date_gmt":"2025-04-04T05:40:54","guid":{"rendered":"https:\/\/disenodepagina.com\/disenoweb\/casa-decor-2025-hisense-maisons-du-monde-y-mas-marcas\/"},"modified":"2025-04-04T05:40:54","modified_gmt":"2025-04-04T05:40:54","slug":"casa-decor-2025-hisense-maisons-du-monde-y-mas-marcas","status":"publish","type":"post","link":"https:\/\/disenodepagina.com\/disenoweb\/casa-decor-2025-hisense-maisons-du-monde-y-mas-marcas\/","title":{"rendered":"Casa Decor 2025: Hisense, Maisons du Monde y m\u00e1s marcas"},"content":{"rendered":"<p> \n<\/p>\n<p>Vuelve la exposici\u00f3n anual de dise\u00f1o e interiorismo en su 60\u00aa edici\u00f3n, donde marcas y creadores buscan inspiraci\u00f3n y admiran la creatividad del sector.<\/p>\n<div>\n<p><strong><a href=\"https:\/\/www.caloryfrio.com\/ferias\/geberit-presenta-mano-estudio-zooco-espacio-forma-agua-casa-decor.html\" target=\"_blank\" rel=\"noreferrer noopener\">Casa Decor<\/a> <\/strong>abre sus puertas un a\u00f1o m\u00e1s. Es la <strong>sexag\u00e9sima edici\u00f3n<\/strong> de la exposici\u00f3n que re\u00fane a los profesionales y marcas del sector de dise\u00f1o de interiores y mobiliario del hogar. Cada a\u00f1o, cerca de 50.000 visitantes disfrutan de las rompedoras y creativas propuestas, que suelen estar vertebradas bajo una perspectiva que a\u00fana<strong> la sostenibilidad, la belleza y el confort.<\/strong><\/p>\n<p>M\u00e1s de 50 firmas disponen de uno de los espacios del recorrido, en el que pueden configurar libremente una habitaci\u00f3n, un cuarto de ba\u00f1o, una cocina, un sal\u00f3n o un jard\u00edn. Es un gran escaparate para sus productos y servicios, insertados desde una <strong>perspectiva org\u00e1nica, vanguardista y muy art\u00edstica<\/strong>. Algunas de las compa\u00f1\u00edas presentes en Casa Decor 2025 son <strong>Maisons du monde, Leroy Merlin, <strong>ramonsoler<\/strong><\/strong>, <strong>Bang &amp; Olufsen, <a href=\"https:\/\/www.marketingdirecto.com\/marketing-general\/eventos-y-formacion\/hisense-presenta-novedades-television-sonido-electrodomesticos\" target=\"_blank\" rel=\"noreferrer noopener\">Hisense<\/a>, Schmidt, Sanrafael, Roca o Piedra de Ibiza<\/strong>, entre muchas otras<strong>.<\/strong><\/p>\n<figure class=\"wp-block-embed is-type-video is-provider-youtube wp-block-embed-youtube wp-embed-aspect-16-9 wp-has-aspect-ratio\"\/>\n<h2 class=\"wp-block-heading\"><span class=\"ez-toc-section\" id=\"disenos-maravillosos-de-cuento-de-hadas\"\/>Dise\u00f1os maravillosos de cuento de hadas<span class=\"ez-toc-section-end\"\/><\/h2>\n<p>Algunos dise\u00f1adores han co-creado dichos ambientes y otros, disponen de estancias de muestra propias. Es el caso de Xaza Outdoor, ideado por Raquel Chamorro y por David Maroto. Su propuesta, verde y muy fresca, es <strong>un oasis planteado para su uso durante las cuatro estaciones<\/strong>. En <a href=\"https:\/\/www.marketingdirecto.com\/anunciantes-general\/lidl-seccion-jardineria-consejos-expertos-rincon-verde-hogar\" target=\"_blank\" rel=\"noreferrer noopener\">el jard\u00edn se han conjugado<\/a> con maestr\u00eda enrejados, vegetaci\u00f3n, esculturas, tumbonas reclinables y otros elementos decorativos, as\u00ed como una peque\u00f1a piscina y una sauna. El protagonismo del agua se percibe en el murmullo constante de dos peque\u00f1as fuentes.<\/p>\n<p>En el otro extremo, <strong>una terraza encofrada en una cristalera <\/strong>incluye una peque\u00f1a cocina, una mesa comedor y un rinc\u00f3n de lectura, ideal para pasar una tarde al abrigo del fr\u00edo bajo una manta, con iluminaci\u00f3n natural y de l\u00e1mparas florales y org\u00e1nicas. Esta dise\u00f1adora ha explicado a <a href=\"https:\/\/www.marketingdirecto.com\/\" target=\"_blank\" rel=\"noreferrer noopener\">MarketingDirecto.com<\/a> el reto que ha supuesto transformar el espacio, ya que en un principio era un patio oscuro y sin encanto.<\/p>\n<blockquote class=\"instagram-media\" data-instgrm-captioned=\"\" data-instgrm-permalink=\"https:\/\/www.instagram.com\/reel\/DH-tN8as9jW\/?utm_source=ig_embed&amp;utm_campaign=loading\" data-instgrm-version=\"14\" style=\" background:#FFF; border:0; border-radius:3px; box-shadow:0 0 1px 0 rgba(0,0,0,0.5),0 1px 10px 0 rgba(0,0,0,0.15); margin: 1px; max-width:540px; min-width:326px; padding:0; width:99.375%; width:-webkit-calc(100% - 2px); width:calc(100% - 2px);\"\/>\n<p>Otro ejemplo es el del <strong>interiorista Diego Guillen Ligori<\/strong>, que ha configurado una <strong>habitaci\u00f3n infantil <\/strong>repleta de coloridos cubos de diferentes tama\u00f1os. Se trata de piezas de madera cortadas a 45 grados que van creciendo a lo largo del espacio como met\u00e1fora del crecimiento durante la vida. El mensaje que reflejan estas figuras geom\u00e9tricas proclama libertad y creatividad, bajo un r\u00f3tulo luminoso que reza<strong> \u00abEncaja como quieras\u00bb. <\/strong><\/p>\n<p>Otra de las terrazas ha sido dise\u00f1ada por <strong>PIA Paisajismo<\/strong>. Con una importante capa de abedules, el patio se configura mediante una tarima y unos bancos en los laterales de madera, una l\u00e1mina circular de agua que reposa sobre un c\u00e9sped recortado en formas curvas y unas celos\u00edas de la marca Tarimatec que coronan el conjunto.<\/p>\n<p>Por otra parte, una de las ubicaciones que cautivan a todos los visitantes esa la sala sensorial de <strong>Jomoo<\/strong>. Unas <strong>suaves plumas<\/strong> recubren todos los laterales del espacio, dejando libre su centro, donde brota una gran figura circular que recuerda a un pozo. Una vez que los paseantes se sit\u00faan en ese punto, una malla met\u00e1lica configurada con c\u00edrculos se eleva sobre sus cabezas. El envolvente aroma y la suave m\u00fasica completan la<strong> <a href=\"https:\/\/www.marketingdirecto.com\/anunciantes-general\/generacion-z-redefiniendo-marketing-sensorial\" target=\"_blank\" rel=\"noreferrer noopener\">experiencia sensorial<\/a>. <\/strong><\/p>\n<figure class=\"wp-block-image size-full\"><img fetchpriority=\"high\" decoding=\"async\" width=\"1200\" height=\"675\" src=\"https:\/\/www.marketingdirecto.com\/wp-content\/uploads\/2025\/04\/jomoo-by-andemen-casa-decor-2025.jpg\" alt=\"\" class=\"wp-image-1059681\" srcset=\"https:\/\/www.marketingdirecto.com\/wp-content\/uploads\/2025\/04\/jomoo-by-andemen-casa-decor-2025.jpg 1200w, https:\/\/www.marketingdirecto.com\/wp-content\/uploads\/2025\/04\/jomoo-by-andemen-casa-decor-2025-850x478.jpg 850w, https:\/\/www.marketingdirecto.com\/wp-content\/uploads\/2025\/04\/jomoo-by-andemen-casa-decor-2025-420x236.jpg 420w, https:\/\/www.marketingdirecto.com\/wp-content\/uploads\/2025\/04\/jomoo-by-andemen-casa-decor-2025-768x432.jpg 768w, https:\/\/www.marketingdirecto.com\/wp-content\/uploads\/2025\/04\/jomoo-by-andemen-casa-decor-2025-280x158.jpg 280w\" sizes=\"(max-width: 1200px) 100vw, 1200px\"\/><\/figure>\n<p>Otra propuesta que homenajea a los sentidos es la del<strong> Espacio Gresmanc Group<\/strong>, dirigida por el estudio de <strong>paisajismo Fran Cisneros<\/strong>. La conexi\u00f3n entre el ser humano y la naturaleza configura el n\u00facleo de esta propuesta. Entre las paredes y el <strong>ondulado techo <\/strong>recubiertos de piezas superpuestas que imitan la corteza de un \u00e1rbol, sobresalen arcillosos labios y un ojo iluminado que deja ver la vegetaci\u00f3n al otro lado. Un <strong>estanque central que respira sobre el que flotan suspendidas en el aire plantas colgantes<\/strong>, que parecen navegar sobre peque\u00f1as rocas. El conjunto respira esa fusi\u00f3n como un todo org\u00e1nico y et\u00e9reo.<\/p>\n<h2 class=\"wp-block-heading\"><span class=\"ez-toc-section\" id=\"%c2%bfdonde-y-cuando-se-celebra-la-60a-edicion-de-casa-decor\"\/>\u00bfD\u00f3nde y cu\u00e1ndo se celebra la 60\u00aa edici\u00f3n de Casa Decor?<span class=\"ez-toc-section-end\"\/><\/h2>\n<p> En cada edici\u00f3n se elige<strong> una ubicaci\u00f3n distinta<\/strong>. Casa Decor siempre escoge lugares<strong> hist\u00f3ricos y singulares<\/strong>, como palacetes, embajadas o viviendas se\u00f1oriales. As\u00ed se exhibe la <strong>diversidad <\/strong>del <a href=\"https:\/\/www.marketingdirecto.com\/anunciantes-general\/cruzcampo-lanza-patrimonio-nueva-edicion-limitada-rinde-homenaje-esencia-andaluza\" target=\"_blank\" rel=\"noreferrer noopener\">patrimonio arquitect\u00f3nico, hist\u00f3rico y art\u00edstico<\/a> de ciudades como Madrid, Valencia y Barcelona. En esta ocasi\u00f3n se trata de un edificio de <strong>tipolog\u00eda can\u00f3nica, del siglo XIX, que se ubica en la calle Sagasta, n\u00famero 33<\/strong> (plaza de Alonso Mart\u00ednez, Madrid)<strong>.<\/strong><\/p>\n<p>La fachada se compone de<strong> piedra, ladrillo visto y metal,<\/strong> en disposiciones geom\u00e9tricas con simetr\u00edas. El <strong>interior <\/strong>abarca espacios di\u00e1fanos y iluminados por cerca de 90 balcones, en conjunci\u00f3n con otras salas m\u00e1s oscuras e intimistas.\u00a0Tambi\u00e9n hay superficies al aire libre, que han permitido a los dise\u00f1adores hacer despegar todo su potencial bajo el cielo abierto.<\/p>\n<p>La muestra se podr\u00e1 visitar <strong>desde el 3 de abril hasta el 18 de mayo<\/strong> de 2025. Las entradas pueden conseguirse <a href=\"https:\/\/casadecor.es\/entradas\/\" target=\"_blank\" rel=\"noreferrer noopener nofollow\">a trav\u00e9s de la web<\/a>. Los visitantes podr\u00e1n <strong>votar <\/strong>su espacio preferido y las marcas y dise\u00f1adores mejor valoradas por el p\u00fablico y por los expertos de la organizaci\u00f3n, recibir\u00e1n diferentes categor\u00edas de premios.<\/p>\n<figure class=\"wp-block-embed is-type-rich is-provider-twitter wp-block-embed-twitter\"\/><\/div>\n<p><script async src=\"\/\/www.instagram.com\/embed.js\"><\/script><br \/>\n\n<br \/><a href=\"https:\/\/www.marketingdirecto.com\/marketing-general\/eventos-y-formacion\/casa-decor-2025-diseno-interiorismo-creatividad-innovacion-sostenibilidad\" target=\"_blank\" rel=\"noopener\">Source link <\/a><\/p>\n","protected":false},"excerpt":{"rendered":"<p>Vuelve la exposici\u00f3n anual de dise\u00f1o e interiorismo en su 60\u00aa edici\u00f3n, donde marcas y creadores buscan inspiraci\u00f3n y admiran la creatividad del sector. Casa Decor abre sus puertas un a\u00f1o m\u00e1s. Es la sexag\u00e9sima edici\u00f3n de la exposici\u00f3n que re\u00fane a los profesionales y marcas del sector de dise\u00f1o de interiores y mobiliario del [&#8230;]\n","protected":false},"author":2,"featured_media":5627,"comment_status":"open","ping_status":"closed","sticky":false,"template":"","format":"standard","meta":{"footnotes":""},"categories":[8],"tags":[243,356,1287,12,285,90,75],"class_list":["post-5626","post","type-post","status-publish","format-standard","has-post-thumbnail","hentry","category-diseno-web","tag-agencia-de-diseno-web","tag-agencia-de-redes-sociales","tag-agencia-seo","tag-diseno-web","tag-manejo-de-redes-sociales","tag-posicionamiento-web","tag-seo"],"_links":{"self":[{"href":"https:\/\/disenodepagina.com\/disenoweb\/wp-json\/wp\/v2\/posts\/5626","targetHints":{"allow":["GET"]}}],"collection":[{"href":"https:\/\/disenodepagina.com\/disenoweb\/wp-json\/wp\/v2\/posts"}],"about":[{"href":"https:\/\/disenodepagina.com\/disenoweb\/wp-json\/wp\/v2\/types\/post"}],"author":[{"embeddable":true,"href":"https:\/\/disenodepagina.com\/disenoweb\/wp-json\/wp\/v2\/users\/2"}],"replies":[{"embeddable":true,"href":"https:\/\/disenodepagina.com\/disenoweb\/wp-json\/wp\/v2\/comments?post=5626"}],"version-history":[{"count":0,"href":"https:\/\/disenodepagina.com\/disenoweb\/wp-json\/wp\/v2\/posts\/5626\/revisions"}],"wp:featuredmedia":[{"embeddable":true,"href":"https:\/\/disenodepagina.com\/disenoweb\/wp-json\/wp\/v2\/media\/5627"}],"wp:attachment":[{"href":"https:\/\/disenodepagina.com\/disenoweb\/wp-json\/wp\/v2\/media?parent=5626"}],"wp:term":[{"taxonomy":"category","embeddable":true,"href":"https:\/\/disenodepagina.com\/disenoweb\/wp-json\/wp\/v2\/categories?post=5626"},{"taxonomy":"post_tag","embeddable":true,"href":"https:\/\/disenodepagina.com\/disenoweb\/wp-json\/wp\/v2\/tags?post=5626"}],"curies":[{"name":"wp","href":"https:\/\/api.w.org\/{rel}","templated":true}]}}