{"id":5578,"date":"2025-03-11T04:34:10","date_gmt":"2025-03-11T04:34:10","guid":{"rendered":"https:\/\/disenodepagina.com\/disenoweb\/la-comic-con-llega-a-malaga-en-2025-con-dentsu\/"},"modified":"2025-03-11T04:34:10","modified_gmt":"2025-03-11T04:34:10","slug":"la-comic-con-llega-a-malaga-en-2025-con-dentsu","status":"publish","type":"post","link":"https:\/\/disenodepagina.com\/disenoweb\/la-comic-con-llega-a-malaga-en-2025-con-dentsu\/","title":{"rendered":"La Comic-Con llega a M\u00e1laga en 2025 con Dentsu"},"content":{"rendered":"<p> \n<\/p>\n<p>El gran acontecimiento del c\u00f3mic, el arte pop, los videojuegos, el cine, el coleccionismo de figuras, el cosplay y mucho m\u00e1s se da cita por primera vez en una ubicaci\u00f3n privilegiada de la Costa del Sol, de la mano de Dentsu.<\/p>\n<div>\n<p>La <strong>Comic-Con<\/strong> <strong>de San Diego<\/strong> (SDCC) sale por primera vez de las fronteras estadounidenses despu\u00e9s de m\u00e1s de cincuenta a\u00f1os. El enorme evento de c\u00f3mics, pel\u00edculas, videojuegos, cosplay y cultura pop en general, en el que fans de todo el mundo tienen un encuentro privilegiado con sus estrellas favoritas, <strong><a href=\"https:\/\/www.marketingdirecto.com\/marketing-general\/eventos-y-formacion\/comic-con-san-diego-aterriza-malaga-2025\" target=\"_blank\" rel=\"noreferrer noopener\">llega este a\u00f1o a M\u00e1laga<\/a><\/strong>. Este lunes 10 de marzo, en una presentaci\u00f3n en el impresionante <strong>Gran Hotel Miramar<\/strong>, en la ciudad andaluza, se han anunciado todos los detalles de la pr\u00f3xima convocatoria, que han estado celosamente hasta ahora bajo un estricto secreto.<\/p>\n<p>La Comic-Con M\u00e1laga saldr\u00e1 adelante gracias al <strong>acuerdo de<\/strong> <strong>IMG Licensing<\/strong> -la agencia que gestiona San Diego C\u00f3mic-Con con <strong>Dentsu<\/strong> y con la colaboraci\u00f3n de la <strong>Junta de Andaluc\u00eda <\/strong>y con el <strong>Ayuntamiento de M\u00e1laga<\/strong>, en su debut no solo en Espa\u00f1a, sino tambi\u00e9n Europa. Se trata de la primera convenci\u00f3n oficial con licencia de la SDCC fuera de Estados Unidos y, por ahora, se ha firmado para los pr\u00f3ximos tres a\u00f1os, con revisiones peri\u00f3dicas hasta 2027.<\/p>\n<figure class=\"wp-block-embed is-type-rich is-provider-twitter wp-block-embed-twitter\">\n<p> https:\/\/twitter.com\/mkdirecto\/status\/1899059365463699706<\/p>\n<\/figure>\n<p>El acto ha sido <strong>conducido por el humorista, actor y director de cine Santiago Segura<\/strong>. \u00abSolo el pesca\u00edto frito y la playa de La Malagueta pod\u00edan competir con California\u00bb, ha bromeado. Adem\u00e1s, por el escenario tambi\u00e9n han pasado Jaime L\u00f3pez-Francos, CEO de Dentsu Iberia; Juan Manuel Moreno Bonilla, presidente de la Junta de Andaluc\u00eda; Francisco de la Torre Prado, alcalde de M\u00e1laga y David Glanzer, director de Comunicaci\u00f3n y Estrategia de Comic-Con Internacional. Tambi\u00e9n se ha emitido un v\u00eddeo-saludo de un representante de IMG Licesing.<\/p>\n<p>Como <strong>invitados<\/strong>, <strong>han acudido numerosas estrellas del cine espa\u00f1ol<\/strong>, conocidos por su trabajo tanto delante como detr\u00e1s de la c\u00e1mara. Tambi\u00e9n, ilustradores, guionistas y otros rostros del mundo de la televisi\u00f3n, el c\u00f3mic, el streaming y el entretenimiento.<\/p>\n<p>Por ejemplo, han estado presentes <strong>\u00c1lex de la Iglesia, Ic\u00edar Bollain, Daniel S\u00e1nchez Ar\u00e9valo, Carlos Areces<\/strong>, Natasha Bustos, Arturo Gonz\u00e1lez Campos, Joaqu\u00edn Maz\u00f3n, <strong>Eduardo Casanova<\/strong>, Eva Ugarte, Paco Plaza, Tamar Novas, Paco Hern\u00e1ndez, Natalia Verbeke, <strong>Juan G\u00f3mez-Jurado<\/strong>, Diego Galindo, <strong>IlloJuan<\/strong>, Spock, Carmen Carnero, Manuel Sicilia y Paloma Bloyd, entre otras personalidades de la pol\u00edtica, de la cultura y del marketing. Tambi\u00e9n han posado ante los espectadores varios<strong> aficionados al cosplay. <\/strong><\/p>\n<figure class=\"wp-block-embed is-type-rich is-provider-twitter wp-block-embed-twitter\">\n<p> https:\/\/twitter.com\/mkdirecto\/status\/1899059365463699706<\/p>\n<\/figure>\n<h2 class=\"wp-block-heading\"><span class=\"ez-toc-section\" id=\"%c2%bfcuando-sera-la-comic-con-2025-en-malaga-fecha-ubicacion-y-entradas\"\/>\u00bfCu\u00e1ndo ser\u00e1 la Comic-Con 2025 en M\u00e1laga? Fecha, ubicaci\u00f3n y entradas<span class=\"ez-toc-section-end\"\/><\/h2>\n<p>Por fin <strong>se han desvelado las fechas<\/strong>. Abre tu agenda y apunta: la Comic-Con de M\u00e1laga tendr\u00e1 lugar entre el 25 y el 28 de septiembre de <strong>2025<\/strong> en el Palacio de Congresos y Ferias de M\u00e1laga. 60.000 personas podr\u00e1n disfrutar este a\u00f1o del gran evento, una cifra que se doblar\u00e1 el a\u00f1o que viene y que casi igualar\u00e1 al flujo que recibi\u00f3 el a\u00f1o pasado la ciudad californiana. Para la gesti\u00f3n de todo ello, se va a abrir una oficina permanente en M\u00e1laga.<\/p>\n<p>Muy pronto estar\u00e1n a la venta las <strong>entradas<\/strong>, aunque por el momento no se han confirmado los precios, ni si ser\u00e1n similares a los de los \u00faltimos a\u00f1os en San Diego. All\u00ed, rondaban los 80 d\u00f3lares para adultos, junto con un coste adicional por gastos de gesti\u00f3n. Algunos segmentos de p\u00fablico ten\u00edan descuentos especiales. La informaci\u00f3n ser\u00e1 publicada en el <a href=\"http:\/\/www.sandiegocomicconmalaga.com\" target=\"_blank\" rel=\"noreferrer noopener nofollow\">sitio web oficial<\/a> habilitado para la cita.<\/p>\n<h2 class=\"wp-block-heading\"><span class=\"ez-toc-section\" id=\"las-sorpresas-que-dejan-con-la-miel-en-los-labios-en-la-presentacion-en-sociedad-de-la-proxima-comic-con-en-malaga\"\/>Las sorpresas que dejan con la miel en los labios en la presentaci\u00f3n en sociedad de la pr\u00f3xima C\u00f3mic-Con en M\u00e1laga<span class=\"ez-toc-section-end\"\/><\/h2>\n<p>En el breve evento de este lunes, que ha servido para abrir el apetito de lo que muy pronto podr\u00e1n disfrutar los fans de Espa\u00f1a y del resto de Europa, los asistentes se han quedado con la boca abierta cuando <strong>se ha descubierto lo que escond\u00eda una misteriosa s\u00e1bana negra en pleno escenario<\/strong>: Juan Manuel Moreno Bonilla, David Glanze y Santiago Segura han hecho los honores y han destapado ante la mirada atenta del p\u00fablico una reliquia: <strong>el mism\u00edsimo Guantelete del Infinito<\/strong> <strong>valorado en 25 millones de d\u00f3lares. <\/strong><\/p>\n<p>Se ha tratado de la <strong>exhibici\u00f3n de una pieza \u00fanica de colecci\u00f3n<\/strong> inspirada en el ic\u00f3nico artefacto utilizado por Thanos en <em>Avengers: Infinity War<\/em>. La obra fue dise\u00f1ada por Gentle Giant Ltd. para albergar <strong>seis\u00a0gemas preciosas con m\u00e1s de 150 quilates<\/strong> conocidas como la Infinity Collection of Gemstone. Fue confeccionado por Adam Mirzoeff, presidente de East Continental Gems, bajo la direcci\u00f3n creativa de Darren Romanelli (DRx). El Guantelete fue mostrado al p\u00fablico por primera vez en la San Diego Comic-Con de 2022. Ahora, llega hasta M\u00e1laga como s\u00edmbolo de la continuaci\u00f3n de este legado.<\/p>\n<p>Tras las palabras de las autoridades anteriormente mencionadas, la presentaci\u00f3n se ha clausurado con <strong>el espectacular rapto de Santiago Segura por parte de Darth Vader y su poderoso Ej\u00e9rcito Imperial<\/strong>. La Legi\u00f3n 501 ha guiado a los all\u00ed presentes hacia el c\u00f3ctel de cortes\u00eda.<\/p>\n<p>Poco despu\u00e9s, un elenco de bailarines engalanados en vestimentas de cuero negras ha amenizado el acto con una <strong>actuaci\u00f3n <em>flashmob<\/em> al son de la popular banda sonora de <em>Misi\u00f3n Imposible<\/em><\/strong>. Asimismo, una r\u00e9plica de <strong>R2D2<\/strong> (<em>Star Wars<\/em>) ha interactuado con todos aquellos que han querido acercarse, incluido el presidente de la Junta de Andaluc\u00eda,<strong> Juan Manuel Moreno Bonilla. <\/strong><\/p>\n<h2 class=\"wp-block-heading\"><span class=\"ez-toc-section\" id=\"%c2%bfque-se-puede-esperar-de-la-comic-con-2025-en-malaga-actividades-y-mucho-mas\"\/>\u00bfQu\u00e9 se puede esperar de la Comic-Con 2025 en M\u00e1laga? Actividades y mucho m\u00e1s<span class=\"ez-toc-section-end\"\/><\/h2>\n<p>Como ha anunciado Jaime L\u00f3pez-Francos, CEO de Dentsu Iberia, \u00ab<strong>la Comic-Con de M\u00e1laga no ser\u00e1 una versi\u00f3n reducida de San diego, ser\u00e1 un evento con el alma de San Diego Comic-Con, pero adaptado a nuestra cultura y a nuestra forma de ser\u00bb<\/strong>. Seg\u00fan ha explicado, desde la agencia han pasado muchos meses \u00abtrabajando con editoriales, artistas, estudios, productoras, plataformas y toda la industria del entretenimiento para convertirlo en un evento de referencia internacional\u00bb.<\/p>\n<p>En <strong>declaraciones exclusivas a <a href=\"https:\/\/www.marketingdirecto.com\/\" target=\"_blank\" rel=\"noreferrer noopener\">MarketingDirecto.com<\/a>, L\u00f3pez-Francos<\/strong>, ha explicado que Dentsu ha estado cerca de dos a\u00f1os trabajando con la Comic-Con con la intenci\u00f3n de traer esa gran convocatoria hasta Espa\u00f1a, en un intenso trabajo que finalmente ha dado sus frutos. El gran grupo de marketing, comunicaci\u00f3n y tecnolog\u00eda propuso entonces a la Junta de Andaluc\u00eda, su cliente, que aterrizase la convocatoria en la regi\u00f3n, y recibi\u00f3 una respuesta afirmativa. \u00ab<strong>Estamos muy felices de que un evento de la repercusi\u00f3n de la Comic-Con se pueda celebrar en nuestro pa\u00eds de la mano de Dentsu<\/strong> y, m\u00e1s concretamente, en Andaluc\u00eda y en M\u00e1laga\u00bb, ha manifestado el CEO de Dentsu en Espa\u00f1a y Portugal.<\/p>\n<p>En los <strong>60.000 metros cuadrados<\/strong> del Palacio de Congresos y Ferias de M\u00e1laga, los fans podr\u00e1n disfrutar durante los cuatro d\u00edas de la Comic-Con de M\u00e1laga de m\u00e1s de<strong> 300 horas de contenido<\/strong>. Asimismo, habr\u00e1 <strong>exhibiciones, paneles, estrenos, experiencias inmersivas, concursos de k-dance, cosplay<\/strong>, <strong>espacios<\/strong> dedicados a la industria donde se impulsar\u00e1 tanto el talento local como el global y muchas m\u00e1s actividades\u00bb, ha aseverado L\u00f3pez-Francos.<\/p>\n<p>El alcalde de M\u00e1laga, Francisco de la Torre Prado, ha expresado lo siguiente: \u00abTener aqu\u00ed un espacio y unos d\u00edas para la cultura pop me parece un gran acierto y <strong>un avance para la ciudad y para Andaluc\u00eda. <\/strong>No solo dar\u00e1 visibilidad a M\u00e1laga en Europa y en el mundo, sino que atraer\u00e1 turismo y fortalecer\u00e1 nuestro sector de cultura pop\u00bb. Por su parte, el presidente de la Junta de Andaluc\u00eda ha felicitado a la ciudad, a la regi\u00f3n y al pa\u00eds por conseguir enamorar a la delegaci\u00f3n de San Diego, a quienes ha prometido: \u00ab<strong>Vamos a mimar este evento<\/strong>, lo vamos a cuidar y proteger para que esto sea un \u00e9xito y para que no os mov\u00e1is de aqu\u00ed nunca. Queremos que esta sea <strong>vuestra segunda casa<\/strong>\u00ab.<\/p>\n<blockquote class=\"twitter-tweet\" data-media-max-width=\"560\">\n<p lang=\"es\" dir=\"ltr\">? Por primera vez, la Comic-Con sale de EE.UU. y se celebra en M\u00e1laga. <\/p>\n<p>Hablamos con Jaime L\u00f3pez-Francos, CEO de Dentsu Iberia (<a href=\"https:\/\/twitter.com\/dentsuESP?ref_src=twsrc%5Etfw\" target=\"_blank\" rel=\"noopener\">@dentsuESP<\/a>) sobre el impacto del evento y c\u00f3mo se logr\u00f3 su llegada a Espa\u00f1a? <a href=\"https:\/\/twitter.com\/hashtag\/ComiconMalaga?src=hash&amp;ref_src=twsrc%5Etfw\" target=\"_blank\" rel=\"noopener\">#ComiconMalaga<\/a> <a href=\"https:\/\/t.co\/OB1xNGymMn\">pic.twitter.com\/OB1xNGymMn<\/a><\/p>\n<p>\u2014 MarketingDirecto.com (@mkdirecto) <a href=\"https:\/\/twitter.com\/mkdirecto\/status\/1899137235598938607?ref_src=twsrc%5Etfw\" target=\"_blank\" rel=\"noopener\">March 10, 2025<\/a><\/p><\/blockquote><\/div>\n<p><script async src=\"\/\/platform.twitter.com\/widgets.js\" charset=\"utf-8\"><\/script><br \/>\n\n<br \/><a href=\"https:\/\/www.marketingdirecto.com\/marketing-general\/eventos-y-formacion\/comic-con-malaga-fechas-actividades-informacion\" target=\"_blank\" rel=\"noopener\">Source link <\/a><\/p>\n","protected":false},"excerpt":{"rendered":"<p>El gran acontecimiento del c\u00f3mic, el arte pop, los videojuegos, el cine, el coleccionismo de figuras, el cosplay y mucho m\u00e1s se da cita por primera vez en una ubicaci\u00f3n privilegiada de la Costa del Sol, de la mano de Dentsu. La Comic-Con de San Diego (SDCC) sale por primera vez de las fronteras estadounidenses [&#8230;]\n","protected":false},"author":2,"featured_media":5579,"comment_status":"open","ping_status":"closed","sticky":false,"template":"","format":"standard","meta":{"footnotes":""},"categories":[8],"tags":[243,356,1287,12,285,90,75],"class_list":["post-5578","post","type-post","status-publish","format-standard","has-post-thumbnail","hentry","category-diseno-web","tag-agencia-de-diseno-web","tag-agencia-de-redes-sociales","tag-agencia-seo","tag-diseno-web","tag-manejo-de-redes-sociales","tag-posicionamiento-web","tag-seo"],"_links":{"self":[{"href":"https:\/\/disenodepagina.com\/disenoweb\/wp-json\/wp\/v2\/posts\/5578","targetHints":{"allow":["GET"]}}],"collection":[{"href":"https:\/\/disenodepagina.com\/disenoweb\/wp-json\/wp\/v2\/posts"}],"about":[{"href":"https:\/\/disenodepagina.com\/disenoweb\/wp-json\/wp\/v2\/types\/post"}],"author":[{"embeddable":true,"href":"https:\/\/disenodepagina.com\/disenoweb\/wp-json\/wp\/v2\/users\/2"}],"replies":[{"embeddable":true,"href":"https:\/\/disenodepagina.com\/disenoweb\/wp-json\/wp\/v2\/comments?post=5578"}],"version-history":[{"count":0,"href":"https:\/\/disenodepagina.com\/disenoweb\/wp-json\/wp\/v2\/posts\/5578\/revisions"}],"wp:featuredmedia":[{"embeddable":true,"href":"https:\/\/disenodepagina.com\/disenoweb\/wp-json\/wp\/v2\/media\/5579"}],"wp:attachment":[{"href":"https:\/\/disenodepagina.com\/disenoweb\/wp-json\/wp\/v2\/media?parent=5578"}],"wp:term":[{"taxonomy":"category","embeddable":true,"href":"https:\/\/disenodepagina.com\/disenoweb\/wp-json\/wp\/v2\/categories?post=5578"},{"taxonomy":"post_tag","embeddable":true,"href":"https:\/\/disenodepagina.com\/disenoweb\/wp-json\/wp\/v2\/tags?post=5578"}],"curies":[{"name":"wp","href":"https:\/\/api.w.org\/{rel}","templated":true}]}}