{"id":5512,"date":"2025-02-06T00:49:26","date_gmt":"2025-02-06T00:49:26","guid":{"rendered":"https:\/\/disenodepagina.com\/disenoweb\/los-gerety-awards-anuncian-su-jurado-ejecutivo-para-madrid\/"},"modified":"2025-02-06T00:49:26","modified_gmt":"2025-02-06T00:49:26","slug":"los-gerety-awards-anuncian-su-jurado-ejecutivo-para-madrid","status":"publish","type":"post","link":"https:\/\/disenodepagina.com\/disenoweb\/los-gerety-awards-anuncian-su-jurado-ejecutivo-para-madrid\/","title":{"rendered":"Los Gerety Awards anuncian su jurado ejecutivo para Madrid"},"content":{"rendered":"<p> \n<\/p>\n<p>El jurado ejecutivo de Madrid de los Gerety Awards estar\u00e1 capitaneado por la presidenta del jurado Virginia Mosquera, directora creativa de McCann Spain.<\/p>\n<div>\n<p><strong>El festival <a href=\"https:\/\/www.marketingdirecto.com\/temas\/gerety-awards\" target=\"_blank\" rel=\"noreferrer noopener\">Gerety Awards<\/a> acaba de levantar el tel\u00f3n de la lista completa de profesionales que compondr\u00e1n  su jurado ejecutivo para Madrid<\/strong> y ha anunciado asimismo que el \u00abearly bird deadline\u00bb del certamen concluir\u00e1 el viernes 7 de marzo.<\/p>\n<p><strong>Los Gerety Awards cuentan este a\u00f1o con 15 jurados ejecutivos repartidos a lo largo y ancho del globo<\/strong> que reunir\u00e1n l\u00edderes de la industria publicitaria para galardonar a las campa\u00f1as m\u00e1s creativas alumbradas en el transcurso del \u00faltimo a\u00f1o, que para concurrir en el certamen deber\u00e1n haber sido publicadas en un entorno comercial con aprobaci\u00f3n del cliente entre enero de 2024 y la fecha de cierre para su inscripci\u00f3n.  El criterio de selecci\u00f3n ser\u00e1 la originalidad de la idea creativa y la calidad de su ejecuci\u00f3n.<\/p>\n<p><strong>El jurado ejecutivo de Madrid de los Gerety Awards estar\u00e1 capitaneado por la presidenta del jurado Virginia Mosquera<\/strong>, directora creativa de McCann Spain. \u00abSer presidenta del jurado de estos Premios Gerety es mucho m\u00e1s que evaluar campa\u00f1as, es sumarse a una conversaci\u00f3n urgente sobre creatividad, representaci\u00f3n y el futuro de la industria, que sin nuestra visi\u00f3n no va a ning\u00fan lado. No solo me fascina compartir este espacio con un grupo de jefazas tan talentosas, comprometidas y diversas, sino que tambi\u00e9n siento la responsabilidad compartida de hacer avanzar el discurso y la conversaci\u00f3n en un momento tan delicado como el actual. Juntas vamos a celebrar ideas que dejan marca, que nos hacen pensar, pero sobre todo, evolucionar. Porque la creatividad que premian los Gerety Awards no solo brilla, tambi\u00e9n sacude. No podr\u00eda imaginar mejores compa\u00f1eras para esta traves\u00eda\u00bb, asevera Mosquera.<\/p>\n<p>Los Gerety Awards han elegido para la composici\u00f3n de su<strong> jurado ejecutivo para Madrid<\/strong> a las siguientes profesionales:<\/p>\n<ul class=\"wp-block-list\">\n<li><strong>Miriam Martinez<\/strong>, Executive Creative Director Watson<\/li>\n<li><strong>Ana Mart\u00edn Garc\u00eda<\/strong>, Global Head of Innovation and Strategy Havas Media Network<\/li>\n<li><strong>Sarah Okrent<\/strong>, Head of Communications MullenLowe Global<\/li>\n<li><strong>Luna Esquerdo<\/strong>, Executive Producer &amp; Partner Bambina<\/li>\n<li><strong>Aurora Hidalgo<\/strong>, Creative Director Sra Rushmore<\/li>\n<li><strong>Ana Alonso<\/strong>, Head of Strategy VML<\/li>\n<li><strong>Andy Ventura<\/strong>, Creative Director Serviceplan<\/li>\n<li><strong>Nuria Labari<\/strong>, Marketing &amp; Comms\/Journalist &amp; Writer Movistar Plus+<\/li>\n<li><strong>Mar\u00eda Cordero Rodr\u00edguez<\/strong>, Creative Copywriter, El Ruso de Rocky<\/li>\n<li><strong>Victoria Piantini<\/strong>, Managing Director Primo Content<\/li>\n<li><strong>Romina Mart\u00ednez Mateo<\/strong>, Managing Director Iberia .monks<\/li>\n<\/ul>\n<p>\u00ab<strong>Una vez m\u00e1s ser\u00e1 un jurado incre\u00edble de talentosas profesionales quienes definir\u00e1n los ganadores de Gerety<\/strong>. En un mundo lleno de incertidumbre definir el est\u00e1ndar de la buena publicidad es m\u00e1s importante que nunca\u00bb, se\u00f1ala Luc\u00eda Ongay, cofundadora y presidenta de los Gerety Awards . \u00abDesde su esencia Gerety se erige como un modelo de casos de \u00e9xito de la buena publicidad que celebra campa\u00f1as que hacen eco en el grupo de consumo m\u00e1s poderoso del planeta\u00bb, a\u00f1ade Ongay.<\/p>\n<p><strong>Gerety Awards 2025 procura cobijo en su jurado m\u00e1s de 240 participantes de 50 pa\u00edses. <\/strong>Adem\u00e1s de definir la \u00abshortlist\u00bb del certamen, cada jurado ejecutivo elegir\u00e1 la Agencia y Productora del A\u00f1o de su pa\u00eds\/regi\u00f3n entre las inscripciones de esa categor\u00eda.<\/p>\n<p>En la web del festival <a href=\"http:\/\/www.geretyawards.com\" target=\"_blank\" rel=\"noopener\">www.ger<\/a><a href=\"http:\/\/www.geretyawards.com\" target=\"_blank\" rel=\"noreferrer noopener nofollow\">e<\/a><a href=\"http:\/\/www.geretyawards.com\" target=\"_blank\" rel=\"noopener\">tyawards.com<\/a> se puede consultar el jurado completo y las bases para participar con la inscripci\u00f3n de campa\u00f1as.<\/p>\n<\/div>\n\n<br \/><a href=\"https:\/\/www.marketingdirecto.com\/marketing-general\/eventos-y-formacion\/gerety-awards-anuncian-composicion-jurado-ejecutivo-madrid\" target=\"_blank\" rel=\"noopener\">Source link <\/a><\/p>\n","protected":false},"excerpt":{"rendered":"<p>El jurado ejecutivo de Madrid de los Gerety Awards estar\u00e1 capitaneado por la presidenta del jurado Virginia Mosquera, directora creativa de McCann Spain. El festival Gerety Awards acaba de levantar el tel\u00f3n de la lista completa de profesionales que compondr\u00e1n su jurado ejecutivo para Madrid y ha anunciado asimismo que el \u00abearly bird deadline\u00bb del [&#8230;]\n","protected":false},"author":2,"featured_media":5513,"comment_status":"open","ping_status":"closed","sticky":false,"template":"","format":"standard","meta":{"footnotes":""},"categories":[8],"tags":[243,356,1287,12,285,90,75],"class_list":["post-5512","post","type-post","status-publish","format-standard","has-post-thumbnail","hentry","category-diseno-web","tag-agencia-de-diseno-web","tag-agencia-de-redes-sociales","tag-agencia-seo","tag-diseno-web","tag-manejo-de-redes-sociales","tag-posicionamiento-web","tag-seo"],"_links":{"self":[{"href":"https:\/\/disenodepagina.com\/disenoweb\/wp-json\/wp\/v2\/posts\/5512","targetHints":{"allow":["GET"]}}],"collection":[{"href":"https:\/\/disenodepagina.com\/disenoweb\/wp-json\/wp\/v2\/posts"}],"about":[{"href":"https:\/\/disenodepagina.com\/disenoweb\/wp-json\/wp\/v2\/types\/post"}],"author":[{"embeddable":true,"href":"https:\/\/disenodepagina.com\/disenoweb\/wp-json\/wp\/v2\/users\/2"}],"replies":[{"embeddable":true,"href":"https:\/\/disenodepagina.com\/disenoweb\/wp-json\/wp\/v2\/comments?post=5512"}],"version-history":[{"count":0,"href":"https:\/\/disenodepagina.com\/disenoweb\/wp-json\/wp\/v2\/posts\/5512\/revisions"}],"wp:featuredmedia":[{"embeddable":true,"href":"https:\/\/disenodepagina.com\/disenoweb\/wp-json\/wp\/v2\/media\/5513"}],"wp:attachment":[{"href":"https:\/\/disenodepagina.com\/disenoweb\/wp-json\/wp\/v2\/media?parent=5512"}],"wp:term":[{"taxonomy":"category","embeddable":true,"href":"https:\/\/disenodepagina.com\/disenoweb\/wp-json\/wp\/v2\/categories?post=5512"},{"taxonomy":"post_tag","embeddable":true,"href":"https:\/\/disenodepagina.com\/disenoweb\/wp-json\/wp\/v2\/tags?post=5512"}],"curies":[{"name":"wp","href":"https:\/\/api.w.org\/{rel}","templated":true}]}}