{"id":5498,"date":"2025-01-30T00:33:53","date_gmt":"2025-01-30T00:33:53","guid":{"rendered":"https:\/\/disenodepagina.com\/disenoweb\/todos-los-ganadores-de-los-premios-tiktok-2024\/"},"modified":"2025-01-30T00:33:53","modified_gmt":"2025-01-30T00:33:53","slug":"todos-los-ganadores-de-los-premios-tiktok-2024","status":"publish","type":"post","link":"https:\/\/disenodepagina.com\/disenoweb\/todos-los-ganadores-de-los-premios-tiktok-2024\/","title":{"rendered":"Todos los ganadores de los Premios TikTok 2024"},"content":{"rendered":"<p> \n<\/p>\n<p>TikTok destaca la creatividad y diversidad de su comunidad en los Premios 2024, con m\u00e1s de 7 millones de votaciones en distintas categor\u00edas.<\/p>\n<div>\n<p><strong>TikTok <\/strong>celebr\u00f3 el pasado martes 28 de enero <strong>la cuarta edici\u00f3n de los Premios TikTok,<\/strong> a trav\u00e9s de los cuales la comunidad reconoce el contenido de todos aquellos creadores, artistas, figuras p\u00fablicas y marcas que aportan valor y contribuyen a crear un espacio de entretenimiento aut\u00e9ntico, original y \u00fanico.<\/p>\n<p>La gala estuvo presentada por <strong>@galdervaras<\/strong> y se encarg\u00f3 de reunir a grandes referentes de la plataforma. Adem\u00e1s, la noche cont\u00f3 con otros destacados presentadores como <strong>@esperansagrasia<\/strong>,<br \/><strong>@patriciafedz, @laenedenaiara, @peldanyos o<\/strong> <strong>@belenesteban_oficial<\/strong>, quien recientemente comparti\u00f3 sus primeros contenidos en la plataforma.<\/p>\n<figure class=\"wp-block-embed is-type-video is-provider-tiktok wp-block-embed-tiktok\"\/>\n<p>La edici\u00f3n de este a\u00f1o, sin duda, ha superado todas las expectativas, mostrando el compromiso de la comunidad de TikTok en Espa\u00f1a, teniendo <strong>un registro total de casi 7 millones de votaciones<\/strong> entre las diferentes candidaturas.<\/p>\n<h2 class=\"wp-block-heading\"><span class=\"ez-toc-section\" id=\"tiktok-pone-en-valor-la-educacion-la-cultura-y-la-diversidad\"\/>TikTok pone en valor la educaci\u00f3n, la cultura y la diversidad<span class=\"ez-toc-section-end\"\/><\/h2>\n<p>La creatividad, el entrenamiento y la diversidad son valores compartidos por la comunidad de TikTok, que adem\u00e1s, se han visto reflejados en <a href=\"https:\/\/www.marketingdirecto.com\/digital-general\/social-media-marketing\/premios-tiktok-2024-reconocen-creatividad-creadores-contenido-espana-todos-nominados\" target=\"_blank\" rel=\"noreferrer noopener\">las diferentes categor\u00edas premiadas en la gala<\/a>, que eran: <strong>Entretenimiento, Deportes, Divulgaci\u00f3n y Cultura, Moda y Belleza, Gastronom\u00eda y Viajes, TikTok For Good, y Comedia. <\/strong><\/p>\n<p>En cada una de estas categor\u00edas, la comunidad ha podido elegir <strong>su creador revelaci\u00f3n favorito<\/strong>, as\u00ed como a <strong>un creador referente y una marca como representantes<\/strong> de cada una de las tem\u00e1ticas.<\/p>\n<h3 class=\"wp-block-heading\">Ganadores de los Premios TikTok<\/h3>\n<p>Los Premios<strong> TikTok For Good, <\/strong>que reconocen el contenido por su conciencia y su impacto positivo en la comunidad, han reconocido la labor de <strong>@inusu_al, @melerus y @laliga.<\/strong> En la categor\u00eda de <strong>Divulgaci\u00f3n y Cultura,<\/strong> se premia la labor educativa y compromiso con la cultura, y este a\u00f1o han sido <strong>@soyjoseabad,<br \/>@blanca_guilera, y @redbullesp<\/strong>, los galardonados de la noche.<\/p>\n<figure class=\"wp-block-embed is-type-video is-provider-tiktok wp-block-embed-tiktok\"\/>\n<figure class=\"wp-block-embed is-type-video is-provider-tiktok wp-block-embed-tiktok\"\/>\n<p>En la categor\u00eda de <strong>Comedia<\/strong>, los Premios TikTok reconocen ese contenido que a lo largo del a\u00f1o ha despertado risas entre la comunidad. Para esta edici\u00f3n, los grandes ganadores fueron: <strong>@augustathoenig, @lalachus3 y @larevuelta_tve.<\/strong> En Entretenimiento, que pone en valor el contenido m\u00e1s original y diverso, los premiados fueron <strong>@virtual_diva, @oscaarfont y @netflixes.<\/strong><\/p>\n<figure class=\"wp-block-embed is-type-video is-provider-tiktok wp-block-embed-tiktok\"\/>\n<figure class=\"wp-block-embed is-type-video is-provider-tiktok wp-block-embed-tiktok\"\/>\n<p>Por otro lado, tambi\u00e9n se encontraba la categor\u00eda <strong>Gastronom\u00eda y Viajes,<\/strong> que premian las mejores recetas y publicaciones gastro y para esta categor\u00eda, los grandes ganadores fueron <strong>@boukie_, @roro.bueno y @mchef_es.<\/strong> De igual manera,<strong> la Moda y Belleza<\/strong> no se pod\u00eda quedar fuera de estas premiaciones, en este caso, los grandes galardonados fueron <strong>@hermanasvalero, @fuuckisra y @gqspain.<\/strong><\/p>\n<h2 class=\"wp-block-heading\"><span class=\"ez-toc-section\" id=\"el-deporte-triunfa-en-tiktok\"\/>El deporte triunfa en TikTok<span class=\"ez-toc-section-end\"\/><\/h2>\n<p>El 2024 fue<a href=\"https:\/\/www.marketingdirecto.com\/guias-especiales\/la-carrera-por-el-patrocinio-deportivo\" target=\"_blank\" rel=\"noreferrer noopener\"> un a\u00f1o relevante para el deporte<\/a> en TikTok, gracias en parte a todos los eventos deportivos que los fans han podido seguir en la plataforma donde el hashtag<strong> #deportesentiktok<\/strong> <strong>obtuvo m\u00e1s de 956.000 publicaciones.<\/strong> En este contexto, la comunidad ha reconocido este a\u00f1o a tres figuras relevantes en el sector: <strong>@pableterrodriguez<\/strong> como creador emergente, <strong>@adricontreras4<\/strong> como creador referente y <strong>@kingsleague<\/strong> como mejor publisher.<\/p>\n<p>Adem\u00e1s de todas las categor\u00edas anteriormente mencionadas, TikTok tambi\u00e9n entreg\u00f3 cuatro galardones especiales, en los que premia a los contenidos, creadores, artistas, figuras p\u00fablicas y marcas favoritas de la comunidad. El deporte, una vez m\u00e1s, ha acaparado varios de estos premios, <strong>teniendo a @lamine.yamal como Figura P\u00fablica del A\u00f1o, @elefutbol como TikTok Star y @juanki.municio se llev\u00f3 el premio a mejor V\u00eddeo del A\u00f1o por \u00ab@juanki.municio y el Yoyo van a la Eurocopa\u00bb.<\/strong><\/p>\n<figure class=\"wp-block-embed is-type-video is-provider-tiktok wp-block-embed-tiktok\"\/>\n<h2 class=\"wp-block-heading\"><span class=\"ez-toc-section\" id=\"reconocimientos-especiales\"\/>Reconocimientos especiales<span class=\"ez-toc-section-end\"\/><\/h2>\n<p>Los Premios TikTok han entregado otros premios en categor\u00edas especiales como<strong><a href=\"https:\/\/www.tiktok.com\/discover\/c%C3%B3mo-activar-cuenta-pro\" target=\"_blank\" rel=\"noreferrer noopener nofollow\"> TikTok Pro<\/a><\/strong>, que pone en valor a los creadores que se han destacado como un verdadero referente en la creaci\u00f3n de contenido de calidad. Este a\u00f1o, el premio se lo ha llevado<strong> @almucarrion.<\/strong> De igual manera, se hizo entrega de<strong> TikTok Star,<\/strong> que se centra en la excelencia en creaci\u00f3n de contenido tanto a nivel de producci\u00f3n como edici\u00f3n, narrativa y especializaci\u00f3n. En esta ocasi\u00f3n el galard\u00f3n fue entregado a <strong>@elefutbol,<\/strong> quien destaca por su carisma y su capacidad \u00fanica para conectar con la audiencia.<\/p>\n<figure class=\"wp-block-embed is-type-video is-provider-tiktok wp-block-embed-tiktok\"\/>\n<figure class=\"wp-block-embed is-type-video is-provider-tiktok wp-block-embed-tiktok\"\/>\n<p>Este a\u00f1o, TikTok ha querido reconocer a dos perfiles en la plataforma que han apostado a lo largo de 2024 valor a la comunidad de una forma excepcional. De esta manera, se hizo entrega del <strong>Premio Educaci\u00f3n Para el Beneficio de la Sociedad,<\/strong> en este caso a <strong>@eltiempoa3n. <\/strong>Este premio reconoce el aut\u00e9ntico ejemplo del uso de plataforma con un fin educativo en 2024, para la divulgaci\u00f3n en beneficio de la sociedad, <a href=\"https:\/\/www.marketingdirecto.com\/temas\/dana\" target=\"_blank\" rel=\"noreferrer noopener\">antes, durante y despu\u00e9s de la DANA<\/a>, adem\u00e1s del per\u00edodo de fuertes lluvias que llegaron a afectar diversos puntos de Espa\u00f1a.<\/p>\n<figure class=\"wp-block-embed is-type-video is-provider-tiktok wp-block-embed-tiktok\"\/>\n<p>Tambi\u00e9n se entreg\u00f3 el <strong>Premio Colaboraci\u00f3n TikTok Disruptores de la Industria<\/strong> a<strong> @operaciontriunfo y @primevideoes,<\/strong> reconociendo la colaboraci\u00f3n basada en la innovaci\u00f3n, que ha llevado el entretenimiento al siguiente nivel, haciendo un uso \u00fanico de la plataforma para generar impacto tanto dentro como fuera de ella.<\/p>\n<figure class=\"wp-block-embed is-type-video is-provider-tiktok wp-block-embed-tiktok\"\/>\n<h2 class=\"wp-block-heading\"><span class=\"ez-toc-section\" id=\"lista-completa-de-los-ganadores\"\/>Lista completa de los ganadores<span class=\"ez-toc-section-end\"\/><\/h2>\n<p><strong>TikTok For Good<\/strong><\/p>\n<ul class=\"wp-block-list\">\n<li>Revelaci\u00f3n: @inusu_al<\/li>\n<li>Referente: @melerus<\/li>\n<li>Marca: @laliga<\/li>\n<\/ul>\n<p><strong>Divulgaci\u00f3n y cultura<\/strong><\/p>\n<ul class=\"wp-block-list\">\n<li>Revelaci\u00f3n: @soyjoseabad<\/li>\n<li>Referente: @blanca_guilera<\/li>\n<li>Marca: @redbullesp<\/li>\n<\/ul>\n<p><strong>Deportes<\/strong><\/p>\n<ul class=\"wp-block-list\">\n<li>Revelaci\u00f3n: @pableterrodriguez<\/li>\n<li>Referente: @adricontreras4<\/li>\n<li>Marca: @kingsleague<\/li>\n<\/ul>\n<p><strong>Comedia<\/strong><\/p>\n<ul class=\"wp-block-list\">\n<li>Revelaci\u00f3n: @augustathoenig<\/li>\n<li>Referente: @lalachus3<\/li>\n<li>Marca: @larevuelta_tve<\/li>\n<\/ul>\n<p><strong>Entretenimiento<\/strong><\/p>\n<ul class=\"wp-block-list\">\n<li>Revelaci\u00f3n: @virtual_diva<\/li>\n<li>Referente: @oscaarfont<\/li>\n<li>Marca: @netflixes<\/li>\n<\/ul>\n<p><strong>Gastronom\u00eda y viajes<\/strong><\/p>\n<ul class=\"wp-block-list\">\n<li>Revelaci\u00f3n: @boukie_<\/li>\n<li>Referente: @roro.bueno<\/li>\n<li>Marca: @mchef_es<\/li>\n<\/ul>\n<p><strong>Moda y Belleza<\/strong><\/p>\n<ul class=\"wp-block-list\">\n<li>Revelaci\u00f3n: @hermanasvalero<\/li>\n<li>Referente: @fuuckisra<\/li>\n<li>Marca: @gqspain<\/li>\n<\/ul>\n<p><strong>Categor\u00edas individuales<\/strong><\/p>\n<ul class=\"wp-block-list\">\n<li>TikTok Star del a\u00f1o: @elefutbol<\/li>\n<li>TikTok Pro: @almucarrion<\/li>\n<li>Figura P\u00fablica del A\u00f1o: @lamine.yamal<\/li>\n<li>V\u00eddeo del A\u00f1o: @juanki.municio por \u2018@juanki.municio y el Yoyo van a la Eurocopa\u2019<\/li>\n<\/ul>\n<\/div>\n<p><script async src=\"\/\/www.tiktok.com\/embed.js\"><\/script><br \/>\n\n<br \/><a href=\"https:\/\/www.marketingdirecto.com\/digital-general\/social-media-marketing\/premios-tiktok-reconocen-creatividad-dentro-plataforma-todos-ganadores\" target=\"_blank\" rel=\"noopener\">Source link <\/a><\/p>\n","protected":false},"excerpt":{"rendered":"<p>TikTok destaca la creatividad y diversidad de su comunidad en los Premios 2024, con m\u00e1s de 7 millones de votaciones en distintas categor\u00edas. TikTok celebr\u00f3 el pasado martes 28 de enero la cuarta edici\u00f3n de los Premios TikTok, a trav\u00e9s de los cuales la comunidad reconoce el contenido de todos aquellos creadores, artistas, figuras p\u00fablicas [&#8230;]\n","protected":false},"author":2,"featured_media":5499,"comment_status":"open","ping_status":"closed","sticky":false,"template":"","format":"standard","meta":{"footnotes":""},"categories":[8],"tags":[243,356,1287,12,285,90,75],"class_list":["post-5498","post","type-post","status-publish","format-standard","has-post-thumbnail","hentry","category-diseno-web","tag-agencia-de-diseno-web","tag-agencia-de-redes-sociales","tag-agencia-seo","tag-diseno-web","tag-manejo-de-redes-sociales","tag-posicionamiento-web","tag-seo"],"_links":{"self":[{"href":"https:\/\/disenodepagina.com\/disenoweb\/wp-json\/wp\/v2\/posts\/5498","targetHints":{"allow":["GET"]}}],"collection":[{"href":"https:\/\/disenodepagina.com\/disenoweb\/wp-json\/wp\/v2\/posts"}],"about":[{"href":"https:\/\/disenodepagina.com\/disenoweb\/wp-json\/wp\/v2\/types\/post"}],"author":[{"embeddable":true,"href":"https:\/\/disenodepagina.com\/disenoweb\/wp-json\/wp\/v2\/users\/2"}],"replies":[{"embeddable":true,"href":"https:\/\/disenodepagina.com\/disenoweb\/wp-json\/wp\/v2\/comments?post=5498"}],"version-history":[{"count":0,"href":"https:\/\/disenodepagina.com\/disenoweb\/wp-json\/wp\/v2\/posts\/5498\/revisions"}],"wp:featuredmedia":[{"embeddable":true,"href":"https:\/\/disenodepagina.com\/disenoweb\/wp-json\/wp\/v2\/media\/5499"}],"wp:attachment":[{"href":"https:\/\/disenodepagina.com\/disenoweb\/wp-json\/wp\/v2\/media?parent=5498"}],"wp:term":[{"taxonomy":"category","embeddable":true,"href":"https:\/\/disenodepagina.com\/disenoweb\/wp-json\/wp\/v2\/categories?post=5498"},{"taxonomy":"post_tag","embeddable":true,"href":"https:\/\/disenodepagina.com\/disenoweb\/wp-json\/wp\/v2\/tags?post=5498"}],"curies":[{"name":"wp","href":"https:\/\/api.w.org\/{rel}","templated":true}]}}