{"id":5496,"date":"2025-01-29T00:25:55","date_gmt":"2025-01-29T00:25:55","guid":{"rendered":"https:\/\/disenodepagina.com\/disenoweb\/minerva-insights-adquiere-adjinn\/"},"modified":"2025-01-29T00:25:55","modified_gmt":"2025-01-29T00:25:55","slug":"minerva-insights-adquiere-adjinn","status":"publish","type":"post","link":"https:\/\/disenodepagina.com\/disenoweb\/minerva-insights-adquiere-adjinn\/","title":{"rendered":"Minerva Insights adquiere Adjinn"},"content":{"rendered":"<p> \n<\/p>\n<p>Minerva Insights fortalece su liderazgo en investigaci\u00f3n de mercados y Ad Intelligence con la adquisici\u00f3n estrat\u00e9gica de Adjinn.<\/p>\n<div>\n<p>El\u00a0<strong>grupo Minerva Insights<\/strong>, compuesto por las empresas\u00a0<strong>Grupo Marktest (Marktest, Mediamonitor, Markdata y Medialog), Conecta, Amber y Salvetti Llombart<\/strong>, anuncia con gran entusiasmo la adquisici\u00f3n de la empresa espa\u00f1ola\u00a0<strong>Adjinn<\/strong>, consolidando su posici\u00f3n como uno de los principales grupos especializados en investigaci\u00f3n de mercados, anal\u00edtica de datos y consultor\u00eda de innovaci\u00f3n en Europa.<\/p>\n<p>La ambici\u00f3n de Minerva Insights es convertirse en el especialista europeo de referencia en <a href=\"https:\/\/www.marketingdirecto.com\/diccionario-marketing-publicidad-comunicacion-nuevas-tecnologias\/consumer-insight\" target=\"_blank\" rel=\"noreferrer noopener nofollow\"><strong>insights de mercado<\/strong><\/a><strong>, an\u00e1lisis de datos, estudios de mercado, an\u00e1lisis de medios y Ad Intelligence<\/strong>, ofreciendo soluciones que sean sin\u00f3nimo de calidad, innovaci\u00f3n e impacto estrat\u00e9gico. Para ello, integra tecnolog\u00edas avanzadas como inteligencia artificial, machine learning y an\u00e1lisis predictivo, con el objetivo de proporcionar soluciones cada vez m\u00e1s personalizadas y eficientes.<\/p>\n<p><strong>Adjinn<\/strong>\u00a0es ampliamente reconocida por su liderazgo en el an\u00e1lisis y monitoreo de la publicidad digital, proporcionando datos innovadores que ayudan a las marcas y agencias a optimizar sus estrategias de comunicaci\u00f3n. La empresa destaca por su tecnolog\u00eda avanzada, base de datos robusta y un equipo altamente especializado, lo que la ha convertido en un referente en el mercado espa\u00f1ol y europeo.<\/p>\n<p>Con esta adquisici\u00f3n, <strong><a href=\"https:\/\/minervainsightsgroup.com\/en\/home\/\" target=\"_blank\" rel=\"noreferrer noopener nofollow\">Minerva Insights<\/a><\/strong>\u00a0refuerza su capacidad para ofrecer soluciones integradas, pioneras e innovadoras. Al mismo tiempo, Adjinn se beneficia del acceso al know-how, la capacidad tecnol\u00f3gica, la amplia red de clientes y el alcance internacional del grupo, lo que abre las puertas a una expansi\u00f3n significativa hacia nuevos mercados.<\/p>\n<p>Los fundadores y el equipo directivo de Adjinn continuar\u00e1n gestionando el negocio, habiendo tambi\u00e9n reinvertido significativamente en Minerva Insights.<\/p>\n<h2 class=\"wp-block-heading\"><span class=\"ez-toc-section\" id=\"declaraciones-de-los-lideres\"\/>Declaraciones de los l\u00edderes<span class=\"ez-toc-section-end\"\/><\/h2>\n<p><strong>Giancarlo Giansante,<\/strong> Fundador de Adjinn, comenta:\u00a0\u00abEstamos muy emocionados de unirnos a Minerva Insights, que comparte nuestros valores de innovaci\u00f3n y compromiso con la excelencia. Esta alianza permitir\u00e1 expandir nuestra presencia y acelerar el desarrollo de soluciones que beneficiar\u00e1n a nuestros actuales y futuros clientes en toda Europa y m\u00e1s all\u00e1\u00bb.<\/p>\n<p>Por su parte, el CEO del Grupo Minerva Insights,\u00a0<strong>Jos\u00e9 Manuel Oliveira<\/strong>, destaca:\u00a0\u00abAdjinn representa una incorporaci\u00f3n estrat\u00e9gica a nuestro grupo, aportando una especializaci\u00f3n \u00fanica en publicidad digital. Estamos entusiasmados por combinar nuestras fortalezas y ofrecer soluciones a\u00fan m\u00e1s completas y de impacto para marcas, medios y anunciantes\u00bb.<\/p>\n<h2 class=\"wp-block-heading\"><span class=\"ez-toc-section\" id=\"un-futuro-prometedor\"\/>Un futuro prometedor<span class=\"ez-toc-section-end\"\/><\/h2>\n<p>La integraci\u00f3n de Adjinn en <strong>Minerva Insights<\/strong>\u00a0simboliza un paso significativo para ambas organizaciones, combinando tecnolog\u00eda de vanguardia con experiencia consolidada. Esta sinergia promete revolucionar el mercado de insights y marketing, proporcionando datos m\u00e1s accesibles, precisos y transformadores para sus clientes.<\/p>\n<\/div>\n\n<br \/><a href=\"https:\/\/www.marketingdirecto.com\/marketing-general\/agencias\/minerva-insights-adquiere-adjinn-publicidad-digital\" target=\"_blank\" rel=\"noopener\">Source link <\/a><\/p>\n","protected":false},"excerpt":{"rendered":"<p>Minerva Insights fortalece su liderazgo en investigaci\u00f3n de mercados y Ad Intelligence con la adquisici\u00f3n estrat\u00e9gica de Adjinn. El\u00a0grupo Minerva Insights, compuesto por las empresas\u00a0Grupo Marktest (Marktest, Mediamonitor, Markdata y Medialog), Conecta, Amber y Salvetti Llombart, anuncia con gran entusiasmo la adquisici\u00f3n de la empresa espa\u00f1ola\u00a0Adjinn, consolidando su posici\u00f3n como uno de los principales grupos [&#8230;]\n","protected":false},"author":2,"featured_media":5497,"comment_status":"open","ping_status":"closed","sticky":false,"template":"","format":"standard","meta":{"footnotes":""},"categories":[8],"tags":[243,356,1287,12,285,90,75],"class_list":["post-5496","post","type-post","status-publish","format-standard","has-post-thumbnail","hentry","category-diseno-web","tag-agencia-de-diseno-web","tag-agencia-de-redes-sociales","tag-agencia-seo","tag-diseno-web","tag-manejo-de-redes-sociales","tag-posicionamiento-web","tag-seo"],"_links":{"self":[{"href":"https:\/\/disenodepagina.com\/disenoweb\/wp-json\/wp\/v2\/posts\/5496","targetHints":{"allow":["GET"]}}],"collection":[{"href":"https:\/\/disenodepagina.com\/disenoweb\/wp-json\/wp\/v2\/posts"}],"about":[{"href":"https:\/\/disenodepagina.com\/disenoweb\/wp-json\/wp\/v2\/types\/post"}],"author":[{"embeddable":true,"href":"https:\/\/disenodepagina.com\/disenoweb\/wp-json\/wp\/v2\/users\/2"}],"replies":[{"embeddable":true,"href":"https:\/\/disenodepagina.com\/disenoweb\/wp-json\/wp\/v2\/comments?post=5496"}],"version-history":[{"count":0,"href":"https:\/\/disenodepagina.com\/disenoweb\/wp-json\/wp\/v2\/posts\/5496\/revisions"}],"wp:featuredmedia":[{"embeddable":true,"href":"https:\/\/disenodepagina.com\/disenoweb\/wp-json\/wp\/v2\/media\/5497"}],"wp:attachment":[{"href":"https:\/\/disenodepagina.com\/disenoweb\/wp-json\/wp\/v2\/media?parent=5496"}],"wp:term":[{"taxonomy":"category","embeddable":true,"href":"https:\/\/disenodepagina.com\/disenoweb\/wp-json\/wp\/v2\/categories?post=5496"},{"taxonomy":"post_tag","embeddable":true,"href":"https:\/\/disenodepagina.com\/disenoweb\/wp-json\/wp\/v2\/tags?post=5496"}],"curies":[{"name":"wp","href":"https:\/\/api.w.org\/{rel}","templated":true}]}}