{"id":5494,"date":"2025-01-28T00:10:34","date_gmt":"2025-01-28T00:10:34","guid":{"rendered":"https:\/\/disenodepagina.com\/disenoweb\/asi-han-sido-las-reacciones-a-los-25-anos-de-marketingdirecto-com\/"},"modified":"2025-01-28T00:10:34","modified_gmt":"2025-01-28T00:10:34","slug":"asi-han-sido-las-reacciones-a-los-25-anos-de-marketingdirecto-com","status":"publish","type":"post","link":"https:\/\/disenodepagina.com\/disenoweb\/asi-han-sido-las-reacciones-a-los-25-anos-de-marketingdirecto-com\/","title":{"rendered":"As\u00ed han sido las reacciones a los 25 a\u00f1os de MarketingDirecto.com"},"content":{"rendered":"<p> \n<\/p>\n<p>Profesionales del Marketing, miembros del equipo y amigos de este medio reaccionan al 25 aniversario de MarketingDirecto.com.<\/p>\n<div>\n<p><strong><em>MarketingDirecto.com<\/em> ha celebrado este 25 aniversario por todo lo alto <\/strong>en una semana donde recordamos la historia de este medio, que empez\u00f3 su andadura en 1999 de la mano de nuestro CEO &amp; Founder,<strong> Javier Piedrahita, <\/strong>hasta un recorrido por algunos de los momentos m\u00e1s emblem\u00e1ticos de esta casa. Adem\u00e1s, <a href=\"https:\/\/www.marketingdirecto.com\/imprescindibles\/historia-marcas\/marketingdirecto-com-celebra-25-anos-fiesta-mkd\" target=\"_blank\" rel=\"noreferrer noopener\">el pasado 23 de enero reunimos a m\u00e1s de 400 personas en el Palacio de la Prensa<\/a>, para festejar junto al sector este aniversario.<\/p>\n<p>En este cuarto de siglo <em><a href=\"https:\/\/www.marketingdirecto.com\/\" target=\"_blank\" rel=\"noreferrer noopener\">MarketingDirecto.com<\/a><\/em> ha dejado huella en la industria publicitaria, llevando a los lectores al detr\u00e1s de c\u00e1maras sobre lo que ocurr\u00eda en el mundo de las agencias y las marcas. De esta forma, MKD ha llevado su innovadora visi\u00f3n al sector patrio, convirti\u00e9ndose en un referente para los marketeros.<\/p>\n<p>Adem\u00e1s, la \u00abcasa MKD\u00bb se enorgullece de importantes logros<strong>. <em>MarketingDirecto.com<\/em> fue nombrado como el medio m\u00e1s le\u00eddo por los anunciantes en 2024<\/strong>, <a href=\"https:\/\/www.marketingdirecto.com\/anunciantes-general\/medios\/marketingdirectocom-medio-lider-anunciantes-scopen\" target=\"_blank\" rel=\"noreferrer noopener\">seg\u00fan SCOPEN<\/a>, consolidando el posicionamiento de este medio en la industria publicitaria.<\/p>\n<h3 class=\"wp-block-heading\">As\u00ed reaccionan las redes al aniversario de MKD: el medio m\u00e1s vivo del sector<\/h3>\n<p>MKD no solo celebr\u00f3 su pasado, sino que tambi\u00e9n aprovech\u00f3 este aniversario, sino que abre las puertas para lanzar una mirada llena de seguridad a un futuro prometedor, siempre de la mano de su comunidad de lectores y los profesionales que hacen posible que este medio siga siendo \u00abel medio m\u00e1s vivo del sector\u00bb.<\/p>\n<p>Mensajes en redes sociales, comentarios que nos llevan al pasado y nos hacen mirar con ilusi\u00f3n al ma\u00f1ana (e incluso alg\u00fan que otro TikTok), han sido la forma en la que esta comunidad tambi\u00e9n ha celebrado los 25 a\u00f1os de<em> MarketingDirecto.com.<\/em><\/p>\n<figure class=\"wp-block-embed is-type-rich is-provider-twitter wp-block-embed-twitter\">\n<div class=\"wp-block-embed__wrapper\">\n<blockquote class=\"twitter-tweet\" data-width=\"500\" data-dnt=\"true\">\n<p lang=\"es\" dir=\"ltr\">\ud83c\udf1f\ud83d\udc83\u00a1Anoche MKD celebr\u00f3 su 25\u00b0 aniversario en El Palacio de la Prensa en Madrid! <\/p>\n<p>\ud83d\udd7aEn la sala no cab\u00eda un alfiler, marcas, agencias y compa\u00f1eros del sector quisieron acompa\u00f1arnos en este d\u00eda tan bonito. Adem\u00e1s\u2026 \u00a1estrenamos re-branding y nueva web!\ud83d\ude0d<\/p>\n<p>\u00a1GRACIAS a todos los que\u2026 <a href=\"https:\/\/t.co\/M4ABRsPQYk\">pic.twitter.com\/M4ABRsPQYk<\/a><\/p>\n<p>\u2014 MarketingDirecto.com (@mkdirecto) <a href=\"https:\/\/twitter.com\/mkdirecto\/status\/1882745549977239627?ref_src=twsrc%5Etfw\" target=\"_blank\" rel=\"noopener\">January 24, 2025<\/a><\/p><\/blockquote>\n<\/div>\n<\/figure>\n<h3 class=\"wp-block-heading\">Las redes responden a los 25 a\u00f1os de MarketingDirecto.com<\/h3>\n<p>Nuestro CEO &amp; Founder, <strong>Javier Piedrahita <\/strong>destac\u00f3 la importancia de la \u00abgran familia MKD\u00bb que se reuni\u00f3 en este encuentro, con tantos buenos amigos, marcas, anunciantes, agencias y colegas del sector. Es por ello que comparti\u00f3 una publicaci\u00f3n <a href=\"https:\/\/www.linkedin.com\/posts\/javierpiedrahita_y-lleg%C3%B3-esta-noche-larga-la-gran-fiesta-aniversario-activity-7288332824988844032-6Ef4?utm_source=share&amp;utm_medium=member_desktop\" target=\"_blank\" rel=\"noreferrer noopener nofollow\">en su perfil de LinkedIn<\/a> donde se\u00f1ala su agradecimiento a todos los que hacen que este hito sea posible.<\/p>\n<figure class=\"wp-block-image size-full\"><img fetchpriority=\"high\" decoding=\"async\" width=\"1200\" height=\"675\" src=\"https:\/\/www.marketingdirecto.com\/wp-content\/uploads\/2025\/01\/MKD-aniversario-1.jpg\" alt=\"MKD aniversario\" class=\"wp-image-1045644\" srcset=\"https:\/\/www.marketingdirecto.com\/wp-content\/uploads\/2025\/01\/MKD-aniversario-1.jpg 1200w, https:\/\/www.marketingdirecto.com\/wp-content\/uploads\/2025\/01\/MKD-aniversario-1-850x478.jpg 850w, https:\/\/www.marketingdirecto.com\/wp-content\/uploads\/2025\/01\/MKD-aniversario-1-420x236.jpg 420w, https:\/\/www.marketingdirecto.com\/wp-content\/uploads\/2025\/01\/MKD-aniversario-1-768x432.jpg 768w, https:\/\/www.marketingdirecto.com\/wp-content\/uploads\/2025\/01\/MKD-aniversario-1-280x158.jpg 280w\" sizes=\"(max-width: 1200px) 100vw, 1200px\"\/><\/figure>\n<p>Entre los mensajes que compartieron profesionales del marketing y lectores del medio, destacan palabras como las de <strong>Carmen Aparicio<\/strong>, co-founder de iKreate y presidenta de la Comisi\u00f3n de Atenci\u00f3n de IAB Spain, quien detalla:<strong> \u00abestaba yo en primero de carrera cuando navegaba por tu web, PIONERA en temas de Marketing, <\/strong>y recuerdo perfectamente c\u00f3mo fuiste el PRIMERO en convertirte en altavoz del Marketing Digital con <em>MarketingDirecto<\/em>.com. Enhorabuena Javier Piedrahita. Indudable tu labor en el crecimiento y mejora de la industria\u00bb.<\/p>\n<p>Por su parte, <strong>Miguel Justrib\u00f3<\/strong>, director Comunicaci\u00f3n y Reputaci\u00f3n Corporativa &amp;Beyond, se\u00f1al\u00f3 que \u00abeste sector no se entender\u00eda sin <em>MarketingDirecto.com\u00bb<\/em>, mientras que <strong>Jos\u00e9 Luis Ferrero<\/strong>, Managing Director en Publicis Commerce escribi\u00f3: \u00abgracias por existir Javier Piedrahita y <em>MarketingDirecto.com<\/em> que si no existierais habr\u00eda que crearos\u00bb.<\/p>\n<p><strong>Itziar Oltra<\/strong>, experta en Marketing y fundadora de Todo es Marketing, comparti\u00f3 un TikTok donde revel\u00f3 un mini resumen de lo que fue nuestra fiesta de aniversario, y c\u00f3mo se prepar\u00f3 para esta noche. \u00ab25 Aniversario de Marketing Directo checkkkkk. <strong>Hab\u00eda que elegir entre los ArmyAwards y esto, y estaba claro\u00bb, <\/strong>escribi\u00f3 Oltra.<\/p>\n<figure class=\"wp-block-embed is-type-video is-provider-tiktok wp-block-embed-tiktok\"\/>\n<figure class=\"wp-block-embed is-type-rich is-provider-twitter wp-block-embed-twitter\">\n<div class=\"wp-block-embed__wrapper\">\n<blockquote class=\"twitter-tweet\" data-width=\"500\" data-dnt=\"true\">\n<p lang=\"es\" dir=\"ltr\">Y lleg\u00f3 esta noche larga la gran fiesta aniversario 25 a\u00f1os de <a href=\"https:\/\/twitter.com\/mkdirecto?ref_src=twsrc%5Etfw\" target=\"_blank\" rel=\"noopener\">@mkdirecto<\/a>, aqu\u00ed en el legendario Palacio de la Prensa en plena Gran V\u00eda, con tantos buenos amigos y amigas de marcas anunciantes, agencias y colegas! Adem\u00e1s de reunir a la \u201cgran familia MKD\u201d, la de ahora y la de\u2026 <a href=\"https:\/\/t.co\/SAPfgH1ega\">pic.twitter.com\/SAPfgH1ega<\/a><\/p>\n<p>\u2014 Javier Piedrahita (@jpiedrahita) <a href=\"https:\/\/twitter.com\/jpiedrahita\/status\/1882565889649688634?ref_src=twsrc%5Etfw\" target=\"_blank\" rel=\"noopener\">January 23, 2025<\/a><\/p><\/blockquote>\n<\/div>\n<\/figure>\n<p><strong>Ludi Garc\u00eda<\/strong>, quien recientemente asumi\u00f3 el cargo de directora general en SEC Newgate Spain y amiga de esta casa tambi\u00e9n dijo presente en la celebraci\u00f3n de nuestro 25 aniversario.<\/p>\n<figure class=\"wp-block-embed is-type-rich is-provider-twitter wp-block-embed-twitter\"\/>\n<p><em>El Peri\u00f3dico de la Publicidad <\/em>tambi\u00e9n aprovech\u00f3 para unirse a esta celebraci\u00f3n, donde demostramos que el poder del mundo del marketing est\u00e1 en la importancia de las conexiones humanas.<\/p>\n<figure class=\"wp-block-embed is-type-rich is-provider-twitter wp-block-embed-twitter\"\/>\n<figure class=\"wp-block-embed is-type-rich is-provider-twitter wp-block-embed-twitter\">\n<div class=\"wp-block-embed__wrapper\">\n<blockquote class=\"twitter-tweet\" data-width=\"500\" data-dnt=\"true\">\n<p lang=\"es\" dir=\"ltr\">El medio m\u00e1s vivo del sector durante 25 a\u00f1os. <a href=\"https:\/\/t.co\/kK4vUOUlZq\">https:\/\/t.co\/kK4vUOUlZq<\/a> celebra su aniversario.<\/p>\n<p>Empez\u00f3 como un bolet\u00edn dedicado a la venta directa y que apost\u00f3 por el mundo digital.<\/p>\n<p>Es muy distinto al que vio la luz en 1999, aquel que naci\u00f3 gracias a una l\u00ednea telef\u00f3nica, una\u2026 <a href=\"https:\/\/t.co\/NZRTUeptjW\">pic.twitter.com\/NZRTUeptjW<\/a><\/p>\n<p>\u2014 Premios Agripina (@premiosagripina) <a href=\"https:\/\/twitter.com\/premiosagripina\/status\/1882341186003976485?ref_src=twsrc%5Etfw\" target=\"_blank\" rel=\"noopener\">January 23, 2025<\/a><\/p><\/blockquote>\n<\/div>\n<\/figure>\n<\/div>\n<p><script async src=\"\/\/platform.twitter.com\/widgets.js\" charset=\"utf-8\"><\/script><br \/>\n\n<br \/><a href=\"https:\/\/www.marketingdirecto.com\/digital-general\/social-media-marketing\/reacciones-redes-sociales-25-aniversario-marketingdirecto-com\" target=\"_blank\" rel=\"noopener\">Source link <\/a><\/p>\n","protected":false},"excerpt":{"rendered":"<p>Profesionales del Marketing, miembros del equipo y amigos de este medio reaccionan al 25 aniversario de MarketingDirecto.com. MarketingDirecto.com ha celebrado este 25 aniversario por todo lo alto en una semana donde recordamos la historia de este medio, que empez\u00f3 su andadura en 1999 de la mano de nuestro CEO &amp; Founder, Javier Piedrahita, hasta un [&#8230;]\n","protected":false},"author":2,"featured_media":5495,"comment_status":"open","ping_status":"closed","sticky":false,"template":"","format":"standard","meta":{"footnotes":""},"categories":[8],"tags":[243,356,1287,12,285,90,75],"class_list":["post-5494","post","type-post","status-publish","format-standard","has-post-thumbnail","hentry","category-diseno-web","tag-agencia-de-diseno-web","tag-agencia-de-redes-sociales","tag-agencia-seo","tag-diseno-web","tag-manejo-de-redes-sociales","tag-posicionamiento-web","tag-seo"],"_links":{"self":[{"href":"https:\/\/disenodepagina.com\/disenoweb\/wp-json\/wp\/v2\/posts\/5494","targetHints":{"allow":["GET"]}}],"collection":[{"href":"https:\/\/disenodepagina.com\/disenoweb\/wp-json\/wp\/v2\/posts"}],"about":[{"href":"https:\/\/disenodepagina.com\/disenoweb\/wp-json\/wp\/v2\/types\/post"}],"author":[{"embeddable":true,"href":"https:\/\/disenodepagina.com\/disenoweb\/wp-json\/wp\/v2\/users\/2"}],"replies":[{"embeddable":true,"href":"https:\/\/disenodepagina.com\/disenoweb\/wp-json\/wp\/v2\/comments?post=5494"}],"version-history":[{"count":0,"href":"https:\/\/disenodepagina.com\/disenoweb\/wp-json\/wp\/v2\/posts\/5494\/revisions"}],"wp:featuredmedia":[{"embeddable":true,"href":"https:\/\/disenodepagina.com\/disenoweb\/wp-json\/wp\/v2\/media\/5495"}],"wp:attachment":[{"href":"https:\/\/disenodepagina.com\/disenoweb\/wp-json\/wp\/v2\/media?parent=5494"}],"wp:term":[{"taxonomy":"category","embeddable":true,"href":"https:\/\/disenodepagina.com\/disenoweb\/wp-json\/wp\/v2\/categories?post=5494"},{"taxonomy":"post_tag","embeddable":true,"href":"https:\/\/disenodepagina.com\/disenoweb\/wp-json\/wp\/v2\/tags?post=5494"}],"curies":[{"name":"wp","href":"https:\/\/api.w.org\/{rel}","templated":true}]}}