{"id":5436,"date":"2024-12-30T19:41:44","date_gmt":"2024-12-30T19:41:44","guid":{"rendered":"https:\/\/disenodepagina.com\/disenoweb\/muere-lola-casademunt-a-los-93-anos\/"},"modified":"2024-12-30T19:41:44","modified_gmt":"2024-12-30T19:41:44","slug":"muere-lola-casademunt-a-los-93-anos","status":"publish","type":"post","link":"https:\/\/disenodepagina.com\/disenoweb\/muere-lola-casademunt-a-los-93-anos\/","title":{"rendered":"Muere Lola Casademunt a los 93 a\u00f1os"},"content":{"rendered":"<p> \n<\/p>\n<p>Fallece una de las pioneras del emprendimiento en dise\u00f1o y moda, Lola Casademunt, fundadora de la marca con el mismo nombre.<\/p>\n<div>\n<p>La dise\u00f1adora y emprendedora <strong>Lola Casademunt<\/strong>, fundadora de la firma de moda de origen catal\u00e1n que lleva su nombre, ha fallecido a los 93 a\u00f1os, seg\u00fan ha anunciado la propia compa\u00f1\u00eda a trav\u00e9s de un comunicado.<\/p>\n<p>\u00abCon la mano en el coraz\u00f3n, lamentamos profundamente comunicar el fallecimiento de nuestra fundadora y alma mater de la empresa, la Sra. Lola Casademunt\u00bb, comenzaba el escrito, que subraya que Casademunt fue \u00abuna mujer fuerte y resiliente\u00bb y que <strong>fue esa actitud la que la llev\u00f3, en 1981, a abrazar el mundo de la moda despu\u00e9s de quedarse viuda con cuatro hijos<\/strong>.<\/p>\n<p>\u00abDecidi\u00f3 empezar un proyecto con el objetivo de tirar adelante a su familia. Y as\u00ed naci\u00f3 LOLA CASADEMUNT. La Sra. Lola hizo de este, el proyecto de su vida y <strong>su ambici\u00f3n, valores y compromiso seguir\u00e1n siendo nuestro objetivo para hacer que su legado contin\u00fae<\/strong>\u00ab, asegura el equipo en el mensaje oficial, que no revela las causas concretas del fallecimiento. \u00abUn ejemplo para todos nosotros con su visi\u00f3n pionera, su tenacidad y perseverancia. Nos quedamos con todas las lecciones y sabios aprendizajes que nos traslad\u00f3 durante tantos a\u00f1os\u00bb, contin\u00faa.<\/p>\n<h2 class=\"wp-block-heading\">La historia de Lola Casademunt<\/h2>\n<p>LOLA CASADEMUNT es una empresa de moda y accesorios de origen familiar <strong>fundada en 1981 en Cardedeu, en Barcelona<\/strong>, y constituye una de las m\u00e1s exitosas del panorama actual.<\/p>\n<p>Su fundadora empez\u00f3 su trayectoria en la industria de la moda y el dise\u00f1o confeccionando accesorios, como lazos o diademas, desde el s\u00f3tano de su casa. M\u00e1s tarde abrir\u00eda una mercer\u00eda, y unos a\u00f1os despu\u00e9s fund\u00f3 la marca que hoy conocemos.<\/p>\n<p>Actualmente, y desde 2018, cuando Lola dej\u00f3 los mandos, est\u00e1 dirigida por la menor de sus hijas, <strong>Maite Gass\u00f3<\/strong>, directora creativa de las colecciones, y quien se uni\u00f3 a la empresa con 19 a\u00f1os, a finales de la d\u00e9cada de 1990, cuando termin\u00f3 sus estudios de dise\u00f1o.<\/p>\n<p>La firma cuenta con m\u00e1s de 27 tiendas propias, 4 franquicias y 38 c\u00f3rner El Corte Ingl\u00e9s en las principales ciudades de Espa\u00f1a, pero tambi\u00e9n cuenta con m\u00e1s de 800 puntos de venta multimarca en el territorio espa\u00f1ol y tiene presencia en meercados internacionales, como Europa, con m\u00e1s de 680 puntos de venta. <\/p>\n<\/div>\n\n<br \/><a href=\"https:\/\/www.marketingdirecto.com\/marketing-general\/gente\/muere-lola-casademunt\" target=\"_blank\" rel=\"noopener\">Source link <\/a><\/p>\n","protected":false},"excerpt":{"rendered":"<p>Fallece una de las pioneras del emprendimiento en dise\u00f1o y moda, Lola Casademunt, fundadora de la marca con el mismo nombre. La dise\u00f1adora y emprendedora Lola Casademunt, fundadora de la firma de moda de origen catal\u00e1n que lleva su nombre, ha fallecido a los 93 a\u00f1os, seg\u00fan ha anunciado la propia compa\u00f1\u00eda a trav\u00e9s de [&#8230;]\n","protected":false},"author":2,"featured_media":5437,"comment_status":"open","ping_status":"closed","sticky":false,"template":"","format":"standard","meta":{"footnotes":""},"categories":[8],"tags":[243,356,1287,12,285,90,75],"class_list":["post-5436","post","type-post","status-publish","format-standard","has-post-thumbnail","hentry","category-diseno-web","tag-agencia-de-diseno-web","tag-agencia-de-redes-sociales","tag-agencia-seo","tag-diseno-web","tag-manejo-de-redes-sociales","tag-posicionamiento-web","tag-seo"],"_links":{"self":[{"href":"https:\/\/disenodepagina.com\/disenoweb\/wp-json\/wp\/v2\/posts\/5436","targetHints":{"allow":["GET"]}}],"collection":[{"href":"https:\/\/disenodepagina.com\/disenoweb\/wp-json\/wp\/v2\/posts"}],"about":[{"href":"https:\/\/disenodepagina.com\/disenoweb\/wp-json\/wp\/v2\/types\/post"}],"author":[{"embeddable":true,"href":"https:\/\/disenodepagina.com\/disenoweb\/wp-json\/wp\/v2\/users\/2"}],"replies":[{"embeddable":true,"href":"https:\/\/disenodepagina.com\/disenoweb\/wp-json\/wp\/v2\/comments?post=5436"}],"version-history":[{"count":0,"href":"https:\/\/disenodepagina.com\/disenoweb\/wp-json\/wp\/v2\/posts\/5436\/revisions"}],"wp:featuredmedia":[{"embeddable":true,"href":"https:\/\/disenodepagina.com\/disenoweb\/wp-json\/wp\/v2\/media\/5437"}],"wp:attachment":[{"href":"https:\/\/disenodepagina.com\/disenoweb\/wp-json\/wp\/v2\/media?parent=5436"}],"wp:term":[{"taxonomy":"category","embeddable":true,"href":"https:\/\/disenodepagina.com\/disenoweb\/wp-json\/wp\/v2\/categories?post=5436"},{"taxonomy":"post_tag","embeddable":true,"href":"https:\/\/disenodepagina.com\/disenoweb\/wp-json\/wp\/v2\/tags?post=5436"}],"curies":[{"name":"wp","href":"https:\/\/api.w.org\/{rel}","templated":true}]}}