{"id":5430,"date":"2024-12-27T19:05:14","date_gmt":"2024-12-27T19:05:14","guid":{"rendered":"https:\/\/disenodepagina.com\/disenoweb\/incibe-invita-a-los-medios-a-promover-la-ciberseguridad\/"},"modified":"2024-12-27T19:05:14","modified_gmt":"2024-12-27T19:05:14","slug":"incibe-invita-a-los-medios-a-promover-la-ciberseguridad","status":"publish","type":"post","link":"https:\/\/disenodepagina.com\/disenoweb\/incibe-invita-a-los-medios-a-promover-la-ciberseguridad\/","title":{"rendered":"INCIBE invita a los medios a promover la ciberseguridad"},"content":{"rendered":"<p> \n<\/p>\n<p>Desde el 26 de diciembre hasta junio de 2025 permanecer\u00e1 abierto el plazo para  presentar proyectos para los que INCIBE ha asignado una partida presupuestaria de 15 millones de euros.<\/p>\n<div>\n<p>El Instituto Nacional de Ciberseguridad (<a href=\"https:\/\/www.incibe.es\/\" target=\"_blank\" rel=\"noreferrer noopener nofollow\">INCIBE<\/a>), entidad\u00a0 dependiente del Ministerio para la Transformaci\u00f3n Digital y de la Funci\u00f3n P\u00fablica, a trav\u00e9s de la\u00a0 Secretar\u00eda de Estado de Telecomunicaciones, Infraestructuras Digitales y Seguridad Digital, ha\u00a0 publicado <strong>una invitaci\u00f3n p\u00fablica para el desarrollo de convenios de colaboraci\u00f3n para la\u00a0 promoci\u00f3n de la <a href=\"https:\/\/www.marketingdirecto.com\/temas\/ciberseguridad\" target=\"_blank\" rel=\"noreferrer noopener\">ciberseguridad<\/a> con medios de informaci\u00f3n y comunicaci\u00f3n.\u00a0<\/strong><\/p>\n<p>Con esta acci\u00f3n <strong>INCIBE pretende mejorar la ciberseguridad de las empresas y profesionales de\u00a0los medios de comunicaci\u00f3n espa\u00f1oles<\/strong>, para lo que se considera fundamental colaborar en la\u00a0 formaci\u00f3n, concienciaci\u00f3n y sensibilizaci\u00f3n en ciberseguridad de los empleados y usuarios de los\u00a0 medios de comunicaci\u00f3n que pueden realizar acciones de formaci\u00f3n y de concienciaci\u00f3n en\u00a0ciberseguridad.\u00a0\u00a0<\/p>\n<p>La dotaci\u00f3n presupuestaria global de esta Invitaci\u00f3n asciende a <strong>15.000.000<\/strong>\u20ac. De esta cuant\u00eda, 10.000.000\u20ac est\u00e1n destinados a proyectos enfocados al fortalecimiento y mejora de las\u00a0 capacidades de ciberseguridad mediante el desarrollo de recursos y los 5.000.000\u20ac restantes a\u00a0 propuestas dirigidas a la formaci\u00f3n de profesionales que refuercen el talento en ciberseguridad.\u00a0<\/p>\n<p><strong>El plazo de presentaci\u00f3n de propuestas se extender\u00e1 hasta el 30 de junio de 2025.<\/strong>\u00a0 Los proyectos deber\u00e1n estar ejecutados antes del 30 de junio de 2026 (los destinados a\u00a0 fortalecimiento de las capacidades) y del 31 de diciembre de 2025 (los destinados a formaci\u00f3n).\u00a0\u00a0<\/p>\n<p>A esta invitaci\u00f3n podr\u00e1n concurrir empresas de medios de informaci\u00f3n, entidades sin \u00e1nimo de\u00a0 lucro, federaciones y asociaciones empresariales o de profesionales aut\u00f3nomos cuyos\u00a0 representados, asociados, federados o participantes sean empresas o profesionales de los\u00a0 medios de comunicaci\u00f3n ya sean editores, radio, televisi\u00f3n o prensa.\u00a0<\/p>\n<h3 class=\"wp-block-heading\"><strong>Actividades a realizar\u00a0<\/strong><\/h3>\n<p>Los trabajos se llevar\u00e1n a cabo mediante la formalizaci\u00f3n de <strong>convenios de colaboraci\u00f3n <\/strong>entre\u00a0 INCIBE y la entidad colaboradora para actividades con un fin com\u00fan que se centrar\u00e1 en los\u00a0 siguientes conceptos:\u00a0\u00a0<\/p>\n<ul class=\"wp-block-list\">\n<li>Desarrollar recursos para actuaciones de <strong>sensibilizaci\u00f3n y comunicaci\u00f3n en el \u00e1mbito de la\u00a0 ciberseguridad.\u00a0<\/strong><\/li>\n<\/ul>\n<ul class=\"wp-block-list\">\n<li>Desarrollar las competencias digitales en ciberseguridad en todos los niveles educativos, mediante el desarrollo de recursos, herramientas y materiales espec\u00edficos.\u00a0<\/li>\n<\/ul>\n<ul class=\"wp-block-list\">\n<li>Formar a profesionales que refuercen el talento en ciberseguridad.\u00a0<\/li>\n<\/ul>\n<p>Entre otras, y siempre que est\u00e9 justificada su vinculaci\u00f3n con los objetivos anteriores, podr\u00e1n desarrollarse las siguientes actuaciones:\u00a0<\/p>\n<ul class=\"wp-block-list\">\n<li>Herramientas o soluciones de ciberseguridad.\u00a0<\/li>\n<\/ul>\n<ul class=\"wp-block-list\">\n<li>Programas de promoci\u00f3n de cultura de ciberseguridad.\u00a0<\/li>\n<\/ul>\n<ul class=\"wp-block-list\">\n<li>Generaci\u00f3n de <strong>recursos de sensibilizaci\u00f3n y concienciaci\u00f3n en ciberseguridad de profesionales de los medios<\/strong> o ciudadan\u00eda en general como la generaci\u00f3n de materiales\u00a0 espec\u00edficos, formaciones o eventos.\u00a0Toda la informaci\u00f3n de esta invitaci\u00f3n p\u00fablica est\u00e1 disponible en la web de INCIBE.<\/li>\n<\/ul>\n<p>Nota de prensa<\/p>\n<\/div>\n\n<br \/><a href=\"https:\/\/www.marketingdirecto.com\/marketing-general\/incibe-invita-medios-comunicacion-promover-ciberseguridad\" target=\"_blank\" rel=\"noopener\">Source link <\/a><\/p>\n","protected":false},"excerpt":{"rendered":"<p>Desde el 26 de diciembre hasta junio de 2025 permanecer\u00e1 abierto el plazo para presentar proyectos para los que INCIBE ha asignado una partida presupuestaria de 15 millones de euros. El Instituto Nacional de Ciberseguridad (INCIBE), entidad\u00a0 dependiente del Ministerio para la Transformaci\u00f3n Digital y de la Funci\u00f3n P\u00fablica, a trav\u00e9s de la\u00a0 Secretar\u00eda de [&#8230;]\n","protected":false},"author":2,"featured_media":5431,"comment_status":"open","ping_status":"closed","sticky":false,"template":"","format":"standard","meta":{"footnotes":""},"categories":[8],"tags":[243,356,1287,12,285,90,75],"class_list":["post-5430","post","type-post","status-publish","format-standard","has-post-thumbnail","hentry","category-diseno-web","tag-agencia-de-diseno-web","tag-agencia-de-redes-sociales","tag-agencia-seo","tag-diseno-web","tag-manejo-de-redes-sociales","tag-posicionamiento-web","tag-seo"],"_links":{"self":[{"href":"https:\/\/disenodepagina.com\/disenoweb\/wp-json\/wp\/v2\/posts\/5430","targetHints":{"allow":["GET"]}}],"collection":[{"href":"https:\/\/disenodepagina.com\/disenoweb\/wp-json\/wp\/v2\/posts"}],"about":[{"href":"https:\/\/disenodepagina.com\/disenoweb\/wp-json\/wp\/v2\/types\/post"}],"author":[{"embeddable":true,"href":"https:\/\/disenodepagina.com\/disenoweb\/wp-json\/wp\/v2\/users\/2"}],"replies":[{"embeddable":true,"href":"https:\/\/disenodepagina.com\/disenoweb\/wp-json\/wp\/v2\/comments?post=5430"}],"version-history":[{"count":0,"href":"https:\/\/disenodepagina.com\/disenoweb\/wp-json\/wp\/v2\/posts\/5430\/revisions"}],"wp:featuredmedia":[{"embeddable":true,"href":"https:\/\/disenodepagina.com\/disenoweb\/wp-json\/wp\/v2\/media\/5431"}],"wp:attachment":[{"href":"https:\/\/disenodepagina.com\/disenoweb\/wp-json\/wp\/v2\/media?parent=5430"}],"wp:term":[{"taxonomy":"category","embeddable":true,"href":"https:\/\/disenodepagina.com\/disenoweb\/wp-json\/wp\/v2\/categories?post=5430"},{"taxonomy":"post_tag","embeddable":true,"href":"https:\/\/disenodepagina.com\/disenoweb\/wp-json\/wp\/v2\/tags?post=5430"}],"curies":[{"name":"wp","href":"https:\/\/api.w.org\/{rel}","templated":true}]}}