{"id":5424,"date":"2024-12-24T18:11:48","date_gmt":"2024-12-24T18:11:48","guid":{"rendered":"https:\/\/disenodepagina.com\/disenoweb\/movistar-plus-lanza-su-nueva-campana-todos-al-plus-sin-plis\/"},"modified":"2024-12-24T18:11:48","modified_gmt":"2024-12-24T18:11:48","slug":"movistar-plus-lanza-su-nueva-campana-todos-al-plus-sin-plis","status":"publish","type":"post","link":"https:\/\/disenodepagina.com\/disenoweb\/movistar-plus-lanza-su-nueva-campana-todos-al-plus-sin-plis\/","title":{"rendered":"Movistar Plus+ lanza su nueva campa\u00f1a \u00abTodos al Plus+ sin plis\u00bb"},"content":{"rendered":"<p> \n<\/p>\n<p>Movistar Plus+ lanza su nueva campa\u00f1a junto a la agencia MONO Madrid que refuerza su oferta de contenido accesible destacando su precio de 9,99 \u20ac\/mes.<\/p>\n<div>\n<p><strong>La agencia creativa MONO <\/strong>ha sido la encargada de lanzar la \u00faltima campa\u00f1a de <strong>Movistar Plus+ <\/strong>con el objetivo de seguir creciendo la consideraci\u00f3n de marca. La plataforma de contenidos da as\u00ed continuidad al concepto creativo lanzado hace unos meses que jugaba con la idea de <strong>\u00ab<a href=\"https:\/\/www.marketingdirecto.com\/creacion\/campanas-de-marketing\/dejame-plus-plis-nueva-campana-movistar\" target=\"_blank\" rel=\"noreferrer noopener\">Olv\u00eddate del Plis para el Plus+\u00bb<\/a> <\/strong>tras los buenos resultados obtenidos. Y es que, en esa primera ola, se consiguieron resultados muy positivos en cuanto a notoriedad de campa\u00f1a y conocimiento de producto.<\/p>\n<p>Esta nueva campa\u00f1a, <strong>\u00abTodos al Plus+ sin Plis\u00bb<\/strong>, se apoya en los testimonios de diferentes protagonistas que verbalizan c\u00f3mo han dado el paso de contratar Movistar Plus+ directamente, dado el elevado uso que le estaban dando y han dejado de pedirlo <em>plis<\/em>.<\/p>\n<p>Una campa\u00f1a que tiene como objetivo <strong>aumentar tanto la notoriedad como la penetraci\u00f3n de la plataforma de entretenimiento en el mercado de OTTs<\/strong> en un momento en el que ya puedes contratar el contenido de Movistar Plus+ sin importar con qui\u00e9n tengas internet, y por un precio m\u00e1s accesible que nunca, <strong>9,99 euros al mes.<\/strong><\/p>\n<p><strong>El equipo de marketing de Movistar Plus+ comenta:<\/strong> \u00abEstamos felices de incorporar el talento de MONO Madrid como partner de comunicaci\u00f3n. Con esta campa\u00f1a, arrancamos una l\u00ednea estrat\u00e9gica orientada a aumentar el conocimiento de Movistar Plus+ en su f\u00f3rmula OTT. MONO Madrid enriquece nuestra marca con su estilo creativo fresco y singular, que consigue conectar de un modo \u00fanico con el consumidor. Continuamos explorando con MONO f\u00f3rmulas creativas que lleguen al mercado de la manera m\u00e1s org\u00e1nica posible. En esta evoluci\u00f3n de campa\u00f1a, hemos incorporado estrenos relevantes de nuestra plataforma, lo que nos permite bajar a un plano m\u00e1s cre\u00edble y emp\u00e1tico. Seguimos confirmando que hemos elegido a unos compa\u00f1eros de viaje que entienden bien nuestros objetivos\u00bb.<\/p>\n<p>Por su parte, <strong>el equipo de MONO Madrid comenta:<\/strong> \u00abSeguimos construyendo la marca Movistar Plus+, d\u00e1ndole un tono y personalidad propia. Cada proyecto lo encaramos con gran ilusi\u00f3n ya que la marca comparte esa ambici\u00f3n de encontrar la frescura y sorpresa a la hora de comunicar. En esta ocasi\u00f3n part\u00edamos de un concepto e insight existente \u2013 que la gente ped\u00eda las claves del plus para ver su contenido \u2013 al que a\u00fan le ve\u00edamos recorrido y hemos querido evolucionar esa narrativa cont\u00e1ndolo desde el punto de vista de los personajes, para cerrar el c\u00edrculo\u00bb.<\/p>\n<p>El proyecto se ha trabajado con el equipo de marketing de Movistar Plus+, encabezado por<strong> Purificaci\u00f3n Gonz\u00e1lez<\/strong> (CMO) y<strong> liderado por Nuria Valdivia y Beatriz Blanco.<\/strong><\/p>\n<p>La campa\u00f1a contar\u00e1 con inversi\u00f3n en cine, exterior, digital, redes sociales y radio. <strong><a href=\"https:\/\/havasvillage.es\/agencias\/havas-media\/\" target=\"_blank\" rel=\"noreferrer noopener nofollow\">Havas Media<\/a><\/strong> es la agencia encargada de los medios de este proyecto.<\/p>\n<h2 class=\"wp-block-heading\">Ficha T\u00e9cnica<\/h2>\n<ul class=\"wp-block-list\">\n<li><strong>Agencia creativa:<\/strong> MONO Madrid<\/li>\n<li><strong>Chief Creative Officer: <\/strong>Sito Morillo, Bitan Franco<\/li>\n<li><strong>Managing Director: <\/strong>Jorge Fesser<\/li>\n<li><strong>Equipo Creativo:<\/strong> Esther Matas, Roc\u00edo Barrio, Sergio Sancho, Irene San Jos\u00e9, Mario Minguez<\/li>\n<li><strong>Equipo de Cuentas: <\/strong>Aitziber Izurrategui, Ainara Izar de la Fuente<\/li>\n<li><strong>Producer<\/strong>: FreelanceFor<\/li>\n<li><strong>Anunciante<\/strong>: Movistar Plus+<\/li>\n<li><strong>Marketing<\/strong>: Nuria Valdivia, Beatriz Blanco<\/li>\n<li><strong>Producci\u00f3n<\/strong>: Ra\u00fal Regueiro, Miguel Ferr\u00e1ndiz<\/li>\n<li><strong>Productora<\/strong>: Bosalay<\/li>\n<li><strong>Realizador<\/strong>: To\u00f1o Mayor<\/li>\n<li><strong>Productor Ejecutivo: <\/strong>Pablo Zorrilla, Felipe Salas<\/li>\n<li><strong>D.O.P<\/strong>: Dani Mere<\/li>\n<li><strong>Jefe de Producci\u00f3n: <\/strong>Biper de Blas<\/li>\n<li><strong>Estudio de Sonido\/Radio<\/strong>: La Panader\u00eda<\/li>\n<li><strong>Agencia de medios<\/strong>: Havas Media<\/li>\n<\/ul>\n<\/div>\n\n<br \/><a href=\"https:\/\/www.marketingdirecto.com\/creacion\/campanas-de-marketing\/mono-lanza-nueva-campana-movistar-plus-todos-plus-sin-plis\" target=\"_blank\" rel=\"noopener\">Source link <\/a><\/p>\n","protected":false},"excerpt":{"rendered":"<p>Movistar Plus+ lanza su nueva campa\u00f1a junto a la agencia MONO Madrid que refuerza su oferta de contenido accesible destacando su precio de 9,99 \u20ac\/mes. La agencia creativa MONO ha sido la encargada de lanzar la \u00faltima campa\u00f1a de Movistar Plus+ con el objetivo de seguir creciendo la consideraci\u00f3n de marca. La plataforma de contenidos [&#8230;]\n","protected":false},"author":2,"featured_media":5425,"comment_status":"open","ping_status":"closed","sticky":false,"template":"","format":"standard","meta":{"footnotes":""},"categories":[8],"tags":[243,356,1287,12,285,90,75],"class_list":["post-5424","post","type-post","status-publish","format-standard","has-post-thumbnail","hentry","category-diseno-web","tag-agencia-de-diseno-web","tag-agencia-de-redes-sociales","tag-agencia-seo","tag-diseno-web","tag-manejo-de-redes-sociales","tag-posicionamiento-web","tag-seo"],"_links":{"self":[{"href":"https:\/\/disenodepagina.com\/disenoweb\/wp-json\/wp\/v2\/posts\/5424","targetHints":{"allow":["GET"]}}],"collection":[{"href":"https:\/\/disenodepagina.com\/disenoweb\/wp-json\/wp\/v2\/posts"}],"about":[{"href":"https:\/\/disenodepagina.com\/disenoweb\/wp-json\/wp\/v2\/types\/post"}],"author":[{"embeddable":true,"href":"https:\/\/disenodepagina.com\/disenoweb\/wp-json\/wp\/v2\/users\/2"}],"replies":[{"embeddable":true,"href":"https:\/\/disenodepagina.com\/disenoweb\/wp-json\/wp\/v2\/comments?post=5424"}],"version-history":[{"count":0,"href":"https:\/\/disenodepagina.com\/disenoweb\/wp-json\/wp\/v2\/posts\/5424\/revisions"}],"wp:featuredmedia":[{"embeddable":true,"href":"https:\/\/disenodepagina.com\/disenoweb\/wp-json\/wp\/v2\/media\/5425"}],"wp:attachment":[{"href":"https:\/\/disenodepagina.com\/disenoweb\/wp-json\/wp\/v2\/media?parent=5424"}],"wp:term":[{"taxonomy":"category","embeddable":true,"href":"https:\/\/disenodepagina.com\/disenoweb\/wp-json\/wp\/v2\/categories?post=5424"},{"taxonomy":"post_tag","embeddable":true,"href":"https:\/\/disenodepagina.com\/disenoweb\/wp-json\/wp\/v2\/tags?post=5424"}],"curies":[{"name":"wp","href":"https:\/\/api.w.org\/{rel}","templated":true}]}}